{"id":985,"date":"2003-11-22T00:00:00","date_gmt":"2003-11-21T23:00:00","guid":{"rendered":"http:\/\/chromatique.net\/index.php\/2020\/04\/01\/985"},"modified":"2003-11-22T00:00:00","modified_gmt":"2003-11-21T22:00:00","slug":"985","status":"publish","type":"post","link":"https:\/\/www.chromatique.net\/index.php\/2003\/11\/22\/985\/","title":{"rendered":"Violent Silence &#8211; Violent Silence"},"content":{"rendered":"<p>On ne sait jamais \u00e0 quoi s\u2019attendre avec les productions de Mus\u00e9a. Si le label fran\u00e7ais sait proposer de belles perles (Anekdoten, Anglag\u00e4rd, etc), il n\u2019est pas rare que certains disques laissent l\u2019auditeur perplexe. Heureusement, les Su\u00e9dois de Violent Silence appartiennent plut\u00f4t \u00e0 la premi\u00e8re cat\u00e9gorie, et ce n\u2019est peut-\u00eatre pas par hasard si la musique de ce quatuor se rapproche de celle des deux groupes sus-cit\u00e9s. La comparaison d\u00e9passe d\u2019ailleurs le cadre strict de la composition, puisque m\u00eame la production rappelle les standards nordiques en mati\u00e8re de rock progressif : simple, sans fioriture mais avec un petit c\u00f4t\u00e9 sombre &#8211; voire Crimsonien &#8211; fort agr\u00e9able.<\/p>\n<p> Autre particularit\u00e9 de la formation, aucun guitariste \u00e0 l\u2019horizon. Comme E.L.P. en son temps, les quatre musiciens ont d\u00e9cid\u00e9 de se focaliser sur les sons synth\u00e9tiques du clavier et sur la voix de Bruno Edling qui, sans \u00eatre exceptionnelle, reste parfaite dans cet exercice. Les sons de vibraphones sont omnipr\u00e9sents sur des titres comme \u201cSqueal point\u201d, \u201cTunnel vision\u201d ou encore le tr\u00e8s beau \u201cWar ant\u201d qui rappellera ind\u00e9niablement les regrett\u00e9s Landberk et surtout leur chanteur Patrick Helje. D\u2019autres morceaux se veulent volontairement plus originaux en proposant des sonorit\u00e9s bien plus modernes (\u201cDead cities\u201d, \u201cShoot it in the head\u201d), le tout men\u00e9 par une section rythmique temp\u00e9r\u00e9e mais efficace. G\u00e9n\u00e9ralement courts, les dix titres de ce premier album sont cependant fort bien construits et savent jouer avec l\u2019int\u00e9r\u00eat de l\u2019auditeur, distillant tout au long de l\u2019album quelques passages instrumentaux inspir\u00e9s du jazz rock et fort bien sentis. <\/p>\n<p> Certes, Violent Silence ne chamboule rien sur la sc\u00e8ne progressive su\u00e9doise. Il est cependant ind\u00e9niable qu\u2019il faudra compter sur ce groupe dans les prochains mois et se pencher avec attention sur son parcours musical. Amateurs d\u2019Anekdoten, Anglag\u00e4rd et autres Landberk, ne passez pas \u00e0 c\u00f4t\u00e9 de ce disque qui apporte un nouveau t\u00e9moignage de la vivacit\u00e9 de la sc\u00e8ne nordique.<\/p>\n","protected":false},"excerpt":{"rendered":"<p>On ne sait jamais \u00e0 quoi s\u2019attendre avec les productions de Mus\u00e9a. Si le label&#8230;<\/p>\n","protected":false},"author":18,"featured_media":986,"comment_status":"closed","ping_status":"open","sticky":false,"template":"","format":"standard","meta":[],"categories":[2],"tags":[],"acf":[],"_links":{"self":[{"href":"https:\/\/www.chromatique.net\/index.php\/wp-json\/wp\/v2\/posts\/985"}],"collection":[{"href":"https:\/\/www.chromatique.net\/index.php\/wp-json\/wp\/v2\/posts"}],"about":[{"href":"https:\/\/www.chromatique.net\/index.php\/wp-json\/wp\/v2\/types\/post"}],"author":[{"embeddable":true,"href":"https:\/\/www.chromatique.net\/index.php\/wp-json\/wp\/v2\/users\/18"}],"replies":[{"embeddable":true,"href":"https:\/\/www.chromatique.net\/index.php\/wp-json\/wp\/v2\/comments?post=985"}],"version-history":[{"count":0,"href":"https:\/\/www.chromatique.net\/index.php\/wp-json\/wp\/v2\/posts\/985\/revisions"}],"wp:featuredmedia":[{"embeddable":true,"href":"https:\/\/www.chromatique.net\/index.php\/wp-json\/wp\/v2\/media\/986"}],"wp:attachment":[{"href":"https:\/\/www.chromatique.net\/index.php\/wp-json\/wp\/v2\/media?parent=985"}],"wp:term":[{"taxonomy":"category","embeddable":true,"href":"https:\/\/www.chromatique.net\/index.php\/wp-json\/wp\/v2\/categories?post=985"},{"taxonomy":"post_tag","embeddable":true,"href":"https:\/\/www.chromatique.net\/index.php\/wp-json\/wp\/v2\/tags?post=985"}],"curies":[{"name":"wp","href":"https:\/\/api.w.org\/{rel}","templated":true}]}}