{"id":88321,"date":"2024-07-24T22:43:06","date_gmt":"2024-07-24T20:43:06","guid":{"rendered":"https:\/\/www.chromatique.net\/?p=88321"},"modified":"2024-07-24T22:43:10","modified_gmt":"2024-07-24T20:43:10","slug":"du-jazz-dans-les-montagnes","status":"publish","type":"post","link":"https:\/\/www.chromatique.net\/index.php\/2024\/07\/24\/du-jazz-dans-les-montagnes\/","title":{"rendered":"Du jazz dans les montagnes"},"content":{"rendered":"\n<p>Pour la premi\u00e8re fois, Chromatique s\u2019est rendu \u00e0 Jazz \u00e0 Barraux, un festival is\u00e9rois qui en est \u00e0 sa septi\u00e8me \u00e9dition. Ce qui impressionne d\u00e8s notre arriv\u00e9e c\u2019est le cadre&nbsp;: Fort Barraux est un des plus anciens forts bastionn\u00e9s des Alpes et offre une vue imprenable sur le Mont Blanc, les Belledonnes, ainsi que toute la vall\u00e9e environnante. Les concerts sont habituellement organis\u00e9s en plein air, mais une solution de repli dans une salle du fort est envisag\u00e9e en cas d\u2019intemp\u00e9ries, et \u00e9tant donn\u00e9 la m\u00e9t\u00e9o du moment, c\u2019est dans cette derni\u00e8re que nous avons assist\u00e9 \u00e0 deux concerts le samedi 8 juin.<\/p>\n\n\n\n<p>A 17h30, c\u2019est un duo piano \u2013 guitare (respectivement Baptiste Bailly et Gwen Cahue) que nous d\u00e9couvrons. Cahue, plut\u00f4t adepte de jazz manouche habituellement, s\u2019empare pour ce projet d\u2019une guitare classique, ce qui ne l\u2019emp\u00eache nullement de faire preuve d\u2019une grande virtuosit\u00e9, que ce soit en accords ou en solo. Le bin\u00f4me joue des compositions jazz aux influences musiques du monde et classique issues de leur premier album <em>Soryboard <\/em>paru l\u2019an dernier. On a plaisir \u00e0 les entendre jouer \u00e0 l\u2019unisson, s\u2019harmoniser, se compl\u00e9ter, ou \u00e9changer des solos au gr\u00e9 des morceaux. Baptiste Bailly se montre particuli\u00e8rement \u00e0 l\u2019aise pour communiquer avec le public et nous aura fait rire plus d\u2019une fois. Ce duo que nous ne connaissions pas aura donc \u00e9t\u00e9 une belle d\u00e9couverte&nbsp;!<\/p>\n\n\n\n<p>A 19h30, place \u00e0 Na\u00efssam Jallal, l\u2019une des t\u00eates d\u2019affiche de ce festival. En quartet, la franco-syrienne nous interpr\u00e8te les <em>rituels<\/em> de son dernier album <em>Healing Rituals<\/em>. Nous nous retrouvons alors face \u00e0 quatre musiciens compl\u00e8tement habit\u00e9s par la musique qu\u2019ils interpr\u00e8tent. Un batteur qui danse avec ses mains lorsqu\u2019il ne joue pas, un contrebassiste qui virevolte avec son instrument pourtant massif et un violoncelliste au visage tr\u00e8s expressif qui ne peut s\u2019emp\u00eacher de chanter ce qu\u2019il joue&nbsp;! Na\u00efssam, plus discr\u00e8te et effac\u00e9e n\u2019est pas en reste lorsqu\u2019elle chante le final du \u00ab&nbsp;Rituel de la terre&nbsp;\u00bb comme un cri de d\u00e9tresse (elle l\u2019avait introduit comme une pri\u00e8re pour Gaza). En dehors du nay (fl\u00fbte arabe), nous n\u2019avons devant nous que des instruments occidentaux, et pourtant la cr\u00e9ativit\u00e9, l\u2019ing\u00e9niosit\u00e9 et la virtuosit\u00e9 des musiciens leur permet d\u2019en sortir des sonorit\u00e9s compl\u00e8tement inattendues &nbsp;! Cl\u00e9ment Petit joue beaucoup de son violoncelle en pizzicato et arrive \u00e0 nous faire croire que c\u2019est un oud qu\u2019il a entre les mains. Zaza Desiderio n\u2019a qu\u2019une batterie en face de lui, mais il en joue d\u2019une mani\u00e8re tellement personnelle qu\u2019on pourrait croire qu\u2019il a plusieurs percussions traditionnelles. Claude Tchamitchian allie groove et pr\u00e9cision \u00e0 la contrebasse et se pose comme un pilier sur lequel tout le monde peut s\u2019ancrer, mais il n\u2019h\u00e9site pas \u00e0 se lancer dans des gliss\u00e9s \u00e9lastiques des plus surprenants. Na\u00efssam Jallal, quant \u00e0 elle, utilise diff\u00e9rentes techniques issues du free jazz (m\u00ealer chant et fl\u00fbte, faire entendre plus de souffle que de son, envoyer plus d\u2019air pour obtenir des sons aigu\u00ebs, etc.). Cette formation parvient \u00e0 transporter le public dans son voyage&nbsp;: rituel du vent, de la colline, du soleil, de la rivi\u00e8re, de la terre, de la lune, de la brume. La compositrice les introduit en les nommant et en les explicitant, mais il y en a un qu\u2019elle nous propose d\u2019\u00e9couter d\u2019abord afin que nous essayions nous-m\u00eame de deviner \u00e0 quoi il est d\u00e9di\u00e9. Plusieurs spectateurs sont sur la bonne piste un fois interrog\u00e9s \u00e0 la fin du morceau, preuve s\u2019il en fallait une de la puissance \u00e9vocatrice de ces compositions (et pour les curieux, sachez qu\u2019il s\u2019agissait du \u00ab&nbsp;Rituel de la for\u00eat&nbsp;\u00bb).<\/p>\n\n\n\n<p>On ressort de ce concert avec la sensation d\u2019avoir pass\u00e9 un moment magique, de symbiose avec des musiciens qui vivent et interpr\u00e8tent leur musique avec une intensit\u00e9 rare et qui ont su nous emmener dans leur monde le temps d\u2019une soir\u00e9e. Plus globalement, c\u2019est ce festival que nous ne connaissions pas qui nous aura laiss\u00e9 une excellente impression. Un cadre beau et unique, une excellente programmation et une ambiance conviviale. Que demander de plus\u00a0? C\u2019est s\u00fbr, nous reviendrons l\u2019an prochain et on vous incite \u00e0 en faire autant\u00a0!<\/p>\n\n\n\n<figure class=\"wp-block-gallery has-nested-images columns-default\">\n<figure class=\"wp-block-image size-large\"><img loading=\"lazy\" width=\"1024\" height=\"512\" data-id=\"88394\"  src=\"https:\/\/www.chromatique.net\/wp-content\/uploads\/2024\/07\/20240609_144914_HDR-1024x512.jpg\" alt=\"\" class=\"wp-image-88394\" srcset=\"https:\/\/www.chromatique.net\/wp-content\/uploads\/2024\/07\/20240609_144914_HDR-1024x512.jpg 1024w, https:\/\/www.chromatique.net\/wp-content\/uploads\/2024\/07\/20240609_144914_HDR-300x150.jpg 300w, https:\/\/www.chromatique.net\/wp-content\/uploads\/2024\/07\/20240609_144914_HDR-768x384.jpg 768w, https:\/\/www.chromatique.net\/wp-content\/uploads\/2024\/07\/20240609_144914_HDR-1536x768.jpg 1536w, https:\/\/www.chromatique.net\/wp-content\/uploads\/2024\/07\/20240609_144914_HDR-2048x1024.jpg 2048w\" sizes=\"(max-width: 1024px) 100vw, 1024px\" \/><\/figure>\n\n\n\n<figure class=\"wp-block-image size-large\"><img loading=\"lazy\" width=\"1024\" height=\"512\" data-id=\"88395\"  src=\"https:\/\/www.chromatique.net\/wp-content\/uploads\/2024\/07\/20240609_145247_HDR-1024x512.jpg\" alt=\"\" class=\"wp-image-88395\" srcset=\"https:\/\/www.chromatique.net\/wp-content\/uploads\/2024\/07\/20240609_145247_HDR-1024x512.jpg 1024w, https:\/\/www.chromatique.net\/wp-content\/uploads\/2024\/07\/20240609_145247_HDR-300x150.jpg 300w, https:\/\/www.chromatique.net\/wp-content\/uploads\/2024\/07\/20240609_145247_HDR-768x384.jpg 768w, https:\/\/www.chromatique.net\/wp-content\/uploads\/2024\/07\/20240609_145247_HDR-1536x768.jpg 1536w, https:\/\/www.chromatique.net\/wp-content\/uploads\/2024\/07\/20240609_145247_HDR-2048x1024.jpg 2048w\" sizes=\"(max-width: 1024px) 100vw, 1024px\" \/><\/figure>\n\n\n\n<figure class=\"wp-block-image size-large\"><img loading=\"lazy\" width=\"1024\" height=\"512\" data-id=\"88401\"  src=\"https:\/\/www.chromatique.net\/wp-content\/uploads\/2024\/07\/20240609_144944-1-1024x512.jpg\" alt=\"\" class=\"wp-image-88401\" srcset=\"https:\/\/www.chromatique.net\/wp-content\/uploads\/2024\/07\/20240609_144944-1-1024x512.jpg 1024w, https:\/\/www.chromatique.net\/wp-content\/uploads\/2024\/07\/20240609_144944-1-300x150.jpg 300w, https:\/\/www.chromatique.net\/wp-content\/uploads\/2024\/07\/20240609_144944-1-768x384.jpg 768w, https:\/\/www.chromatique.net\/wp-content\/uploads\/2024\/07\/20240609_144944-1-1536x768.jpg 1536w, https:\/\/www.chromatique.net\/wp-content\/uploads\/2024\/07\/20240609_144944-1-2048x1024.jpg 2048w\" sizes=\"(max-width: 1024px) 100vw, 1024px\" \/><\/figure>\n\n\n\n<figure class=\"wp-block-image size-large\"><img loading=\"lazy\" width=\"1024\" height=\"683\" data-id=\"88402\"  src=\"https:\/\/www.chromatique.net\/wp-content\/uploads\/2024\/07\/2024_06_08_IMG_5900-1-1024x683.jpg\" alt=\"\" class=\"wp-image-88402\" srcset=\"https:\/\/www.chromatique.net\/wp-content\/uploads\/2024\/07\/2024_06_08_IMG_5900-1-1024x683.jpg 1024w, https:\/\/www.chromatique.net\/wp-content\/uploads\/2024\/07\/2024_06_08_IMG_5900-1-300x200.jpg 300w, https:\/\/www.chromatique.net\/wp-content\/uploads\/2024\/07\/2024_06_08_IMG_5900-1-768x512.jpg 768w, https:\/\/www.chromatique.net\/wp-content\/uploads\/2024\/07\/2024_06_08_IMG_5900-1-1536x1024.jpg 1536w, https:\/\/www.chromatique.net\/wp-content\/uploads\/2024\/07\/2024_06_08_IMG_5900-1-2048x1365.jpg 2048w\" sizes=\"(max-width: 1024px) 100vw, 1024px\" \/><\/figure>\n\n\n\n<figure class=\"wp-block-image size-large\"><img loading=\"lazy\" width=\"1024\" height=\"683\" data-id=\"88403\"  src=\"https:\/\/www.chromatique.net\/wp-content\/uploads\/2024\/07\/2024_06_08_IMG_5964-1-1024x683.jpg\" alt=\"\" class=\"wp-image-88403\" srcset=\"https:\/\/www.chromatique.net\/wp-content\/uploads\/2024\/07\/2024_06_08_IMG_5964-1-1024x683.jpg 1024w, https:\/\/www.chromatique.net\/wp-content\/uploads\/2024\/07\/2024_06_08_IMG_5964-1-300x200.jpg 300w, https:\/\/www.chromatique.net\/wp-content\/uploads\/2024\/07\/2024_06_08_IMG_5964-1-768x512.jpg 768w, https:\/\/www.chromatique.net\/wp-content\/uploads\/2024\/07\/2024_06_08_IMG_5964-1-1536x1024.jpg 1536w, https:\/\/www.chromatique.net\/wp-content\/uploads\/2024\/07\/2024_06_08_IMG_5964-1-2048x1365.jpg 2048w\" sizes=\"(max-width: 1024px) 100vw, 1024px\" \/><\/figure>\n<\/figure>\n","protected":false},"excerpt":{"rendered":"<p>Pour la premi\u00e8re fois, Chromatique s\u2019est rendu \u00e0 Jazz \u00e0 Barraux, un festival is\u00e9rois qui&#8230;<\/p>\n","protected":false},"author":55,"featured_media":88403,"comment_status":"closed","ping_status":"open","sticky":false,"template":"","format":"standard","meta":[],"categories":[20,3],"tags":[243,33,66],"acf":[],"_links":{"self":[{"href":"https:\/\/www.chromatique.net\/index.php\/wp-json\/wp\/v2\/posts\/88321"}],"collection":[{"href":"https:\/\/www.chromatique.net\/index.php\/wp-json\/wp\/v2\/posts"}],"about":[{"href":"https:\/\/www.chromatique.net\/index.php\/wp-json\/wp\/v2\/types\/post"}],"author":[{"embeddable":true,"href":"https:\/\/www.chromatique.net\/index.php\/wp-json\/wp\/v2\/users\/55"}],"replies":[{"embeddable":true,"href":"https:\/\/www.chromatique.net\/index.php\/wp-json\/wp\/v2\/comments?post=88321"}],"version-history":[{"count":11,"href":"https:\/\/www.chromatique.net\/index.php\/wp-json\/wp\/v2\/posts\/88321\/revisions"}],"predecessor-version":[{"id":88405,"href":"https:\/\/www.chromatique.net\/index.php\/wp-json\/wp\/v2\/posts\/88321\/revisions\/88405"}],"wp:featuredmedia":[{"embeddable":true,"href":"https:\/\/www.chromatique.net\/index.php\/wp-json\/wp\/v2\/media\/88403"}],"wp:attachment":[{"href":"https:\/\/www.chromatique.net\/index.php\/wp-json\/wp\/v2\/media?parent=88321"}],"wp:term":[{"taxonomy":"category","embeddable":true,"href":"https:\/\/www.chromatique.net\/index.php\/wp-json\/wp\/v2\/categories?post=88321"},{"taxonomy":"post_tag","embeddable":true,"href":"https:\/\/www.chromatique.net\/index.php\/wp-json\/wp\/v2\/tags?post=88321"}],"curies":[{"name":"wp","href":"https:\/\/api.w.org\/{rel}","templated":true}]}}