{"id":8117,"date":"2019-01-21T00:00:00","date_gmt":"2019-01-20T23:00:00","guid":{"rendered":"http:\/\/chromatique.net\/index.php\/2020\/04\/01\/8117"},"modified":"2019-01-21T00:00:00","modified_gmt":"2019-01-20T22:00:00","slug":"8117","status":"publish","type":"post","link":"https:\/\/www.chromatique.net\/index.php\/2019\/01\/21\/8117\/","title":{"rendered":"Marc Ducret Trio + 3 &#8211; M\u00e9tatonal"},"content":{"rendered":"\n<p>Entre 2011 et 2013, le guitariste Marc Ducret enregistre l&rsquo;\u00e9norme t\u00e9tralogie <em>Tower<\/em>, inspir\u00e9e d\u2019une sc\u00e8ne du roman \u00ab\u00a0Ada\u00a0\u00bb de Nabokov. Cette \u0153uvre \u00e0 la fois exigeante et passionnante a quelque peu \u00e9clips\u00e9 le projet <em>M\u00e9tatonal<\/em> qui l&rsquo;a suivie. Tentons aujourd&rsquo;hui de r\u00e9parer cet impardonnable oubli. <br \/> Enregistr\u00e9 en <em>live<\/em> dans la salle du Triton en d\u00e9cembre 2014, cet album, tout en conservant une grande part d&rsquo;improvisation et d&rsquo;exp\u00e9rimentation, est plus accessible que ses pr\u00e9d\u00e9cesseurs. Le trio form\u00e9 par Marc Ducret avec la contrebasse de Bruno Chevillon et la batterie d&rsquo;\u00c9ric \u00c9champard est ici accompagn\u00e9 sur certains titres par trois autres musiciens : Fabrice Martinez \u00e0 la trompette, Christophe Monniot aux saxophones et le bien-nomm\u00e9 Samuel Blaser au trombone. <br \/><br \/> Le concert s&rsquo;ouvre sur les syncopes r\u00e9p\u00e9titives de \u00ab\u00a0Dialectes\u00a0\u00bb, un titre \u00e0 l&rsquo;entr\u00e9e tr\u00e8s rugueuse qui tient autant du rock exp\u00e9rimental que d&rsquo;une fusion jazz tr\u00e8s \u00e9lectrique, passant brutalement d&rsquo;une fougue \u00e9pileptique \u00e0 un impromptu atmosph\u00e9rique. Les vents n&rsquo;interviennent r\u00e9ellement qu&rsquo;\u00e0 partir d&rsquo; \u00ab\u00a0Inflammable\u00a0\u00bb, redonnant une v\u00e9ritable coloration jazz \u00e0 une composition toujours aussi saccad\u00e9e mais o\u00f9 la chaleur de cuivres explosifs s&rsquo;est soudainement invit\u00e9e\u2026 pour dispara\u00eetre aussit\u00f4t, laissant place \u00e0 la s\u00e9cheresse de la guitare \u00e9lectrique. Et c&rsquo;est ainsi tout du long : ruptures nettes, rebondissements impr\u00e9visibles ou motifs r\u00e9p\u00e9titifs, temp\u00eates \u00e9lectriques, m\u00e9talliques ou moments flottants, passages o\u00f9 l&rsquo;improvisation joue un r\u00f4le important, tant\u00f4t illustr\u00e9s par les souffleurs, tant\u00f4t \u00e9gratign\u00e9s par les crissements de la guitare. Seul le final \u00ab\u00a0Porteur de lanternes\u00a0\u00bb semble suivre une certaine progression, un semblant de crescendo, un chemin qui m\u00e8ne d&rsquo;un calme inqui\u00e9tant vers une fureur franche et massive. Pour le reste, on a plut\u00f4t du mal \u00e0 suivre, mais on ne s&rsquo;en pr\u00e9occupe gu\u00e8re : c&rsquo;est organique, c&rsquo;est vivant, c&rsquo;est d\u00e9routant. <br \/><br \/> Monochrome et en m\u00eame temps color\u00e9, <em>Metatonal<\/em> joue sur la libert\u00e9 et la virtuosit\u00e9 de ses musiciens. Ducret sait s&rsquo;entourer, et en fait une nouvelle fois la d\u00e9monstration. On attend avec impatience la sortie du premier album de Shout, son nouveau groupe, qui se veut \u00ab\u00a0sans complexes, accessible, et agr\u00e9able \u00e0 entendre\u00a0\u00bb. <br \/><br \/><\/p>","protected":false},"excerpt":{"rendered":"<p>Entre 2011 et 2013, le guitariste Marc Ducret enregistre l&rsquo;\u00e9norme t\u00e9tralogie Tower, inspir\u00e9e d\u2019une sc\u00e8ne&#8230;<\/p>\n","protected":false},"author":14,"featured_media":8118,"comment_status":"closed","ping_status":"open","sticky":false,"template":"","format":"standard","meta":[],"categories":[2],"tags":[56,68,33,24],"acf":[],"_links":{"self":[{"href":"https:\/\/www.chromatique.net\/index.php\/wp-json\/wp\/v2\/posts\/8117"}],"collection":[{"href":"https:\/\/www.chromatique.net\/index.php\/wp-json\/wp\/v2\/posts"}],"about":[{"href":"https:\/\/www.chromatique.net\/index.php\/wp-json\/wp\/v2\/types\/post"}],"author":[{"embeddable":true,"href":"https:\/\/www.chromatique.net\/index.php\/wp-json\/wp\/v2\/users\/14"}],"replies":[{"embeddable":true,"href":"https:\/\/www.chromatique.net\/index.php\/wp-json\/wp\/v2\/comments?post=8117"}],"version-history":[{"count":0,"href":"https:\/\/www.chromatique.net\/index.php\/wp-json\/wp\/v2\/posts\/8117\/revisions"}],"wp:featuredmedia":[{"embeddable":true,"href":"https:\/\/www.chromatique.net\/index.php\/wp-json\/wp\/v2\/media\/8118"}],"wp:attachment":[{"href":"https:\/\/www.chromatique.net\/index.php\/wp-json\/wp\/v2\/media?parent=8117"}],"wp:term":[{"taxonomy":"category","embeddable":true,"href":"https:\/\/www.chromatique.net\/index.php\/wp-json\/wp\/v2\/categories?post=8117"},{"taxonomy":"post_tag","embeddable":true,"href":"https:\/\/www.chromatique.net\/index.php\/wp-json\/wp\/v2\/tags?post=8117"}],"curies":[{"name":"wp","href":"https:\/\/api.w.org\/{rel}","templated":true}]}}