{"id":5621,"date":"2012-11-08T00:00:00","date_gmt":"2012-11-07T23:00:00","guid":{"rendered":"http:\/\/chromatique.net\/index.php\/2020\/04\/01\/5621"},"modified":"2012-11-08T00:00:00","modified_gmt":"2012-11-07T22:00:00","slug":"5621","status":"publish","type":"post","link":"https:\/\/www.chromatique.net\/index.php\/2012\/11\/08\/5621\/","title":{"rendered":"Karcius &#8211; The First Day"},"content":{"rendered":"\n<p>Pour leur quatri\u00e8me album, les Qu\u00e9becois de Karcius, rejoints par Sylvain Auclair au chant et \u00e0 la basse, prennent un virage radical dans leur musique. En effet, pour une premi\u00e8re production chant\u00e9e, il est clair d\u00e8s le d\u00e9marrage que leur musique s\u2019est \u00e0 la fois assagie et a atteint la maturit\u00e9. <br \/><br \/> \u00ab\u00a0The First Day\u00a0\u00bb d\u00e9marre ainsi le disque du m\u00eame nom, pr\u00e9sentant une oeuvre plus consensuelle que pr\u00e9c\u00e9demment, moins technique en somme. La voix de Sylvain Auclair se pr\u00eate \u00e0 merveille \u00e0 la musique du quatuor, donnant une touche grave qui n\u2019est pas sans rappeler celle d\u2019Anadale de Jolly. Si les parties instrumentales peuvent para\u00eetre l\u00e9g\u00e8rement plus fades que celles des albums pr\u00e9c\u00e9dents, c\u2019est tout de m\u00eame sans compter sur celles de Simon L\u2019Esp\u00e9rance \u00e0 la guitare. Son jeu vari\u00e9 m\u00e9lange les inspirations, sonnant comme un David Gilmour plus funky et jazzy. <br \/><br \/> L\u2019instrument se pose donc en ma\u00eetre des compositions, ponctuant en permanence et jouant tant\u00f4t avec la voix de Sylvain Auclair, tant\u00f4t avec celle de Mingan Sauriol aux claviers. Ces derniers auront la part belle sur \u00ab\u00a0Number Ten\u00a0\u00bb, piste atmosph\u00e9rique m\u00e9langeant les claviers d\u2019ambiances avec une partition de piano, s\u00e9parant l\u2019album en deux par le milieu. Il est d\u2019ailleurs notable d\u2019\u00e9couter les nombreuses incartades classiques que peut faire le piano sur les diff\u00e9rentes pistes de <em>The First Day<\/em>. Le disque comporte cependant quelques vides et malheureusement, certaines pistes passent compl\u00e8tement \u00e0 la trappe par contraste avec les meilleures. M\u00eame si l\u2019ensemble est globalement r\u00e9ussi, il manque ce brin de \u00ab\u00a0je-ne-sais-quoi\u00a0\u00bb pour en faire un excellent album.<br \/><br \/> <em>The First Day<\/em> se place donc comme une excellente surprise. Si l\u2019annonce du chant avait inqui\u00e9t\u00e9 plus d\u2019un fan, Sylvain Auclair aura prouv\u00e9 la possibilit\u00e9 de placer des voix sur la musique de Karcius, tout en montrant sa capacit\u00e9 \u00e0 le faire avec brio. S\u2019il ne fallait retenir qu\u2019une chose de cette sortie de la formation qu\u00e9becoise, c\u2019est bien ce somptueux m\u00e9lange d\u2019ambiances : passant d\u2019une dominante rock, \u00e0 quelques passages funky, jazzy, classiques, voire m\u00eame pop parfois, le tout avec un naturel d\u00e9concertant !<\/p>","protected":false},"excerpt":{"rendered":"<p>Pour leur quatri\u00e8me album, les Qu\u00e9becois de Karcius, rejoints par Sylvain Auclair au chant et&#8230;<\/p>\n","protected":false},"author":26,"featured_media":5622,"comment_status":"closed","ping_status":"open","sticky":false,"template":"","format":"standard","meta":[],"categories":[2],"tags":[],"acf":[],"_links":{"self":[{"href":"https:\/\/www.chromatique.net\/index.php\/wp-json\/wp\/v2\/posts\/5621"}],"collection":[{"href":"https:\/\/www.chromatique.net\/index.php\/wp-json\/wp\/v2\/posts"}],"about":[{"href":"https:\/\/www.chromatique.net\/index.php\/wp-json\/wp\/v2\/types\/post"}],"author":[{"embeddable":true,"href":"https:\/\/www.chromatique.net\/index.php\/wp-json\/wp\/v2\/users\/26"}],"replies":[{"embeddable":true,"href":"https:\/\/www.chromatique.net\/index.php\/wp-json\/wp\/v2\/comments?post=5621"}],"version-history":[{"count":0,"href":"https:\/\/www.chromatique.net\/index.php\/wp-json\/wp\/v2\/posts\/5621\/revisions"}],"wp:featuredmedia":[{"embeddable":true,"href":"https:\/\/www.chromatique.net\/index.php\/wp-json\/wp\/v2\/media\/5622"}],"wp:attachment":[{"href":"https:\/\/www.chromatique.net\/index.php\/wp-json\/wp\/v2\/media?parent=5621"}],"wp:term":[{"taxonomy":"category","embeddable":true,"href":"https:\/\/www.chromatique.net\/index.php\/wp-json\/wp\/v2\/categories?post=5621"},{"taxonomy":"post_tag","embeddable":true,"href":"https:\/\/www.chromatique.net\/index.php\/wp-json\/wp\/v2\/tags?post=5621"}],"curies":[{"name":"wp","href":"https:\/\/api.w.org\/{rel}","templated":true}]}}