{"id":4803,"date":"2008-05-08T00:00:00","date_gmt":"2008-05-07T22:00:00","guid":{"rendered":"http:\/\/chromatique.net\/index.php\/2020\/04\/01\/4803"},"modified":"2008-05-08T00:00:00","modified_gmt":"2008-05-07T22:00:00","slug":"4803","status":"publish","type":"post","link":"https:\/\/www.chromatique.net\/index.php\/2008\/05\/08\/4803\/","title":{"rendered":"La Desooorden &#8211; Ciudad De Papel"},"content":{"rendered":"<p>Vous avez aim\u00e9 le prog italien des <i>seventies<\/i>, vous allez aimer le prog des Chiliens de La Desooorden. Trente-cinq ann\u00e9es ont pass\u00e9, soit. Mais, loin de toute nostalgie toujours un peu r\u00e9ac, La Desooorden a eu le talent de garder un pied dans le pr\u00e9sent en habillant sa musique d\u2019habits neufs et modernes. Ce qui devrait \u00eatre la r\u00e8gle, mais reconnaissons-le, ne l\u2019est pas toujours. Ainsi la musique de <i>Ciudad de Papel<\/i> sonne m\u00e9lodique et grave, symphonique et originale tout en \u00e9tant jou\u00e9e par d\u2019excellents musiciens qui n\u2019ont pas besoin de nous le prouver sans cesse. D\u00e9j\u00e0 pour cela : respect.<\/p>\n<p>  Respect \u00e9galement pour le choix de cette histoire, \u00e9difiante et douloureuse, qu\u2019ils nous racontent avec une rage qui sourd sans exc\u00e8s, mais palpable et qui s\u2019\u00e9tale comme une mati\u00e8re fine faite de r\u00e9signation et de col\u00e8re. Seulement <i>Ciudad de Papel<\/i> n\u2019est pas un album concept abstrait ou pompeux, mais le r\u00e9cit v\u00e9ridique des habitants de la ville natale du groupe, Valdivia, qui se sont battus contre l\u2019installation d\u2019une usine de cellulose \u00e0 proximit\u00e9 d\u2019une r\u00e9serve naturelle, mena\u00e7ant la sant\u00e9 v\u00e9g\u00e9tale et animale. Peine perdue, l\u2019usine sera construite. Peu importe les textes en Espagnol, la musique de La Desooorden se suffit \u00e0 elle-m\u00eame pour d\u00e9crire les ressorts dramatiques de leur histoire.  <br \/>  Sombre, <i>Ciudad de Papel<\/i> n\u2019en a pas moins des couleurs. C\u2019est m\u00eame l\u2019une de ses plus grandes qualit\u00e9s. V\u00e9ritable kal\u00e9idoscope de genres et d\u2019instruments, le groupe utilise toutes ses ressources avec une fluidit\u00e9 remarquable. Il passe du rock au metal, de la musique latine au jazz et au folklore amazonien, le tout, pr\u00e9cisons-le, parfaitement emball\u00e9 dans une bande son bien dos\u00e9e par une production irr\u00e9prochable. <\/p>\n<p>    Avec cet album La Desooorden frappe fort. Plus fort et plus juste encore qu\u2019avec leur album pr\u00e9c\u00e9dent, <i>La Isla De Los Muertos<\/i>. Certes, la derni\u00e8re plage, qui est comme un soupir de r\u00e9signation face \u00e0 la d\u00e9faite, d\u00e9\u00e7oit un peu. Dommage que ce soit ce dernier titre, sur les onze autres, qui nous laisse sur une impression mitig\u00e9e. Mais l\u2019ampleur du propos et la qualit\u00e9 globale des compositions en font un disque aussi recommandable qu\u2019\u0153cum\u00e9nique. Il est donc s\u00fbrement pour vous.<\/p>\n","protected":false},"excerpt":{"rendered":"<p>Vous avez aim\u00e9 le prog italien des seventies, vous allez aimer le prog des Chiliens&#8230;<\/p>\n","protected":false},"author":8,"featured_media":4804,"comment_status":"closed","ping_status":"open","sticky":false,"template":"","format":"standard","meta":[],"categories":[2],"tags":[],"acf":[],"_links":{"self":[{"href":"https:\/\/www.chromatique.net\/index.php\/wp-json\/wp\/v2\/posts\/4803"}],"collection":[{"href":"https:\/\/www.chromatique.net\/index.php\/wp-json\/wp\/v2\/posts"}],"about":[{"href":"https:\/\/www.chromatique.net\/index.php\/wp-json\/wp\/v2\/types\/post"}],"author":[{"embeddable":true,"href":"https:\/\/www.chromatique.net\/index.php\/wp-json\/wp\/v2\/users\/8"}],"replies":[{"embeddable":true,"href":"https:\/\/www.chromatique.net\/index.php\/wp-json\/wp\/v2\/comments?post=4803"}],"version-history":[{"count":0,"href":"https:\/\/www.chromatique.net\/index.php\/wp-json\/wp\/v2\/posts\/4803\/revisions"}],"wp:featuredmedia":[{"embeddable":true,"href":"https:\/\/www.chromatique.net\/index.php\/wp-json\/wp\/v2\/media\/4804"}],"wp:attachment":[{"href":"https:\/\/www.chromatique.net\/index.php\/wp-json\/wp\/v2\/media?parent=4803"}],"wp:term":[{"taxonomy":"category","embeddable":true,"href":"https:\/\/www.chromatique.net\/index.php\/wp-json\/wp\/v2\/categories?post=4803"},{"taxonomy":"post_tag","embeddable":true,"href":"https:\/\/www.chromatique.net\/index.php\/wp-json\/wp\/v2\/tags?post=4803"}],"curies":[{"name":"wp","href":"https:\/\/api.w.org\/{rel}","templated":true}]}}