{"id":4135,"date":"2007-01-09T00:00:00","date_gmt":"2007-01-08T23:00:00","guid":{"rendered":"http:\/\/chromatique.net\/index.php\/2020\/04\/01\/4135"},"modified":"2007-01-09T00:00:00","modified_gmt":"2007-01-08T22:00:00","slug":"4135","status":"publish","type":"post","link":"https:\/\/www.chromatique.net\/index.php\/2007\/01\/09\/4135\/","title":{"rendered":"Thierry Zabo\u00eftzeff &#8211; Prom\u00e9th\u00e9e (R\u00e9\u00e9d.)"},"content":{"rendered":"<p>Compos\u00e9, enregistr\u00e9 et mix\u00e9 en 1984 par Thierry Zabo\u00eftzeff lui-m\u00eame, <i>Prom\u00e9th\u00e9e<\/i> est son premier album solo alors qu\u2019il est en m\u00eame temps le bassiste et co-fondateur de la formation Art Zoyd.<i>Prom\u00e9th\u00e9e<\/i> est la musique de la pi\u00e8ce \u00ab Aeschilus Prometheus\u00ab \u00bb mont\u00e9e par \u00ab Le Collectif du Hainaut \u00bb. Au c\u0153ur et probablement \u00e0 la t\u00eate du mouvement \u00ab musique nouvelle \u00bb, Zabo\u00eftzeff se plonge dans la cr\u00e9ation d\u2019une \u0153uvre personnelle, angoissante et terriblement \u00e9trange.<\/p>\n<p>  D\u00e9velopp\u00e9e en deux parties et divis\u00e9e en quatorze plages, <i>Prom\u00e9th\u00e9e<\/i> est une \u0153uvre relativement courte. Trente-huit minutes d\u2019une musique \u00e0 la crois\u00e9e du rock et de la musique \u00e9lectronique. Zabo\u00eftzeff s\u2019adonne \u00e0 tous les instruments entendus, mis \u00e0 part les saxophones et les voix f\u00e9minines.<br \/> Extr\u00eamement expressive et sombre, la musique de <i>Prom\u00e9th\u00e9e<\/i> est avant tout une musique d\u2019accompagnement pour un spectacle. Elle se veut donc d\u2019ambiance et relativement simple dans ses structures. Les superpositions de rythmes et de couleurs harmoniques suffisent \u00e0 maintenir un climat d\u2019angoisse, tant les r\u00e9p\u00e9titions de cycles cr\u00e9ent un terrain propice \u00e0 ce genre de d\u00e9veloppements. Les sons de synth\u00e9tiseurs, m\u00eame si ils paraissent dat\u00e9s \u00e0 ce jour, pr\u00e9valent sur l\u2019ensemble des compositions. L\u2019\u00e9lectronique, alli\u00e9e principalement \u00e0 la basse et aux synth\u00e9s, est le fondement de ce disque.<br \/> <i>Prom\u00e9th\u00e9e<\/i> contient les bases de certains morceaux  contenus dans les albums d\u2019Art Zoyd <i>Le mariage entre du ciel et de l\u2019enfer<\/i> (1985) et <i>Marathonerre<\/i> (1992). On y retrouve aussi les sonorit\u00e9s propres aux groupes de RIO Univers Zero et Present, m\u00eame si les \u00e9l\u00e9ments complexes ne sont pas de mise ici.<\/p>\n<p>  N\u2019ayant jamais \u00e9t\u00e9 publi\u00e9 \u00e0 ce jour en disque compact, une version remasteris\u00e9e plus de vingt ans apr\u00e8s sa sortie en vinyle appara\u00eet comme une tr\u00e8s bonne initiative. La red\u00e9couverte, ou tout simplement la d\u00e9couverte de cet album pour certains ne peut \u00eatre qu\u2019une exp\u00e9rience d\u00e9routante et unique.<\/p>\n","protected":false},"excerpt":{"rendered":"<p>Compos\u00e9, enregistr\u00e9 et mix\u00e9 en 1984 par Thierry Zabo\u00eftzeff lui-m\u00eame, Prom\u00e9th\u00e9e est son premier album&#8230;<\/p>\n","protected":false},"author":4,"featured_media":4136,"comment_status":"closed","ping_status":"open","sticky":false,"template":"","format":"standard","meta":[],"categories":[2],"tags":[],"acf":[],"_links":{"self":[{"href":"https:\/\/www.chromatique.net\/index.php\/wp-json\/wp\/v2\/posts\/4135"}],"collection":[{"href":"https:\/\/www.chromatique.net\/index.php\/wp-json\/wp\/v2\/posts"}],"about":[{"href":"https:\/\/www.chromatique.net\/index.php\/wp-json\/wp\/v2\/types\/post"}],"author":[{"embeddable":true,"href":"https:\/\/www.chromatique.net\/index.php\/wp-json\/wp\/v2\/users\/4"}],"replies":[{"embeddable":true,"href":"https:\/\/www.chromatique.net\/index.php\/wp-json\/wp\/v2\/comments?post=4135"}],"version-history":[{"count":0,"href":"https:\/\/www.chromatique.net\/index.php\/wp-json\/wp\/v2\/posts\/4135\/revisions"}],"wp:featuredmedia":[{"embeddable":true,"href":"https:\/\/www.chromatique.net\/index.php\/wp-json\/wp\/v2\/media\/4136"}],"wp:attachment":[{"href":"https:\/\/www.chromatique.net\/index.php\/wp-json\/wp\/v2\/media?parent=4135"}],"wp:term":[{"taxonomy":"category","embeddable":true,"href":"https:\/\/www.chromatique.net\/index.php\/wp-json\/wp\/v2\/categories?post=4135"},{"taxonomy":"post_tag","embeddable":true,"href":"https:\/\/www.chromatique.net\/index.php\/wp-json\/wp\/v2\/tags?post=4135"}],"curies":[{"name":"wp","href":"https:\/\/api.w.org\/{rel}","templated":true}]}}