{"id":4083,"date":"2005-01-29T00:00:00","date_gmt":"2005-01-28T23:00:00","guid":{"rendered":"http:\/\/chromatique.net\/index.php\/2020\/04\/01\/4083"},"modified":"2005-01-29T00:00:00","modified_gmt":"2005-01-28T22:00:00","slug":"4083","status":"publish","type":"post","link":"https:\/\/www.chromatique.net\/index.php\/2005\/01\/29\/4083\/","title":{"rendered":"AmAndA &#8211; Qui est AmAndA ?"},"content":{"rendered":"<p>Qui est AmAndA ? Une question dont vous ne trouverez la r\u00e9ponse qu\u2019\u00e0 l\u2019\u00e9coute du premier album de cette formation belge. Muse inconnue au pass\u00e9 douloureux, jeune orpheline pourtant d\u00e9j\u00e0 charg\u00e9e d\u2019histoire, elle transmet ses \u00e9motions et souvenirs d\u2019une \u00e9poque qu\u2019elle n\u2019a pas v\u00e9cue, sous forme de partitions aux musiciens du groupe qui porte son nom et qui ne l\u2019ont jamais vue.<br \/> N\u00e9e \u00e0 la fin des ann\u00e9es quatre-vingt-dix  sous forme de trio, la composition de cette formation a tr\u00e8s vite \u00e9volu\u00e9. Cette premi\u00e8re production ne manque pas d\u2019ambition, la troupe  \u00e9tant accompagn\u00e9e d\u2019une chorale. Elle sort ensuite le deux-titres <i>Voila!<\/i>, sorte de pr\u00e9misse au prochain album du groupe qui s\u2019intitulera<i>La Maison de Flore<\/i>.<\/p>\n<p>   Stylistiquement parlant, AmAnda ratisse large et englobe des influences nombreuses comme le rock, le classique, l\u2019op\u00e9ra, la vari\u00e9t\u00e9 ou la new wave. On pense parfois \u00e0 Ange, Devil Doll ou Lacrimosa. Souvent empreinte de m\u00e9lancolie, la musique des belges se veut th\u00e9\u00e2trale, tout comme ses prestations sc\u00e9niques d\u2019ailleurs. Les morceaux reposent essentiellement sur les textes po\u00e9tiques et le concept narratif interpr\u00e9t\u00e9s par le chanteur Thibaut de Halleux qui, b\u00e9n\u00e9ficiant d\u2019une large tessiture, donne diff\u00e9rentes couleurs aux morceaux : de la vari\u00e9t\u00e9 fran\u00e7aise ( Polnareff sur \u00ab Le faux \u00e9veil \u00bb) jusqu\u2019\u00e0 l\u2019op\u00e9ra (\u00ab Qui est AmAndA ?), le spectre vocal couvert est tr\u00e8s large.<\/p>\n<p>L\u2019autre force de la formation r\u00e9side dans les doigts de Mik3, clavi\u00e9riste et principal compositeur. Sa jeunesse t\u00e9moigne d\u2019une maturit\u00e9 \u00e9tonnante dans l\u2019approche de l\u2019\u00e9criture et g\u00e9n\u00e9ral, et celle des parties orchestrales ou des ch\u0153urs grandiloquents  tout particuli\u00e8rement. La guitare de Saam est en grande responsable de la facette rock du quatuor. Un son original,  que l\u2019on aime ou que l\u2019on d\u00e9teste, et un jeu sans fioriture s\u2019\u00e9loignant des canons du genre, voil\u00e0 de quoi ajouter encore \u00e0 la personnalit\u00e9 d\u2019AmAndA. M\u00e9lang\u00e9e aux orchestrations m\u00e9lancoliques, la six-cordes conf\u00e8re \u00e0 certains titres un petit c\u00f4t\u00e9 Lacrimosa non d\u00e9plaisant. Le ch\u0153ur intervient toujours \u00e0 bon escient (\u00ab Le Faux Eveil \u00bb, \u00ab Falaises \u00bb) et grossit consid\u00e9rablement le son. \u00ab Falaises \u00bb, titre de vingt-deux minutes, ravira l\u2019amateur de progressif alambiqu\u00e9,  incluant m\u00eame un passage rappelant\u2026 les valses viennoises ! <\/p>\n<p>  Le seul reproche que l\u2019on pourrait faire \u00e0 <i>Qui est AmAndA ?<\/i> est le relatif retrait de sa section rythmique et un l\u00e9ger manque de coh\u00e9sion de groupe : ce premier disque a d\u2019ailleurs \u00e9t\u00e9 enregistr\u00e9 sans bassiste. Qu\u2019\u00e0 cela ne tienne,  <i>Voila!<\/i> arrive en 2004. Un son plus chaud et organique, une vraie basse, une vraie batterie pour un r\u00e9sultat  plus efficace,  avant-go\u00fbt de <i>La Maison de Flore<\/i>, qui sortira courant 2005.<br \/> Changements de personnel dans le groupe et maturit\u00e9 acquise sur sc\u00e8ne se ressentent dans \u00ab Voila ! \u00bb titre plus progressif, servi par une production plus claire et puissante. Le morceau-titre reprend tout ce qu\u2019Amanda peut faire de meilleur: des m\u00e9lodies de guitare et de synth\u00e9 accrocheuses et ent\u00eatantes, des paroles facilement m\u00e9morisables et po\u00e9tiques. Les ch\u0153urs et les orchestrations sont toujours pr\u00e9sents et encore mieux int\u00e9gr\u00e9s que par le pass\u00e9 : <i>La Maison de Flore<\/i>, \u00e0 venir, pourrait bien concr\u00e9tiser toutes les promesses que portait <i>Qui est AmAndA ?<\/i><\/p>\n","protected":false},"excerpt":{"rendered":"<p>Qui est AmAndA ? Une question dont vous ne trouverez la r\u00e9ponse qu\u2019\u00e0 l\u2019\u00e9coute du&#8230;<\/p>\n","protected":false},"author":19,"featured_media":4084,"comment_status":"closed","ping_status":"open","sticky":false,"template":"","format":"standard","meta":[],"categories":[2],"tags":[],"acf":[],"_links":{"self":[{"href":"https:\/\/www.chromatique.net\/index.php\/wp-json\/wp\/v2\/posts\/4083"}],"collection":[{"href":"https:\/\/www.chromatique.net\/index.php\/wp-json\/wp\/v2\/posts"}],"about":[{"href":"https:\/\/www.chromatique.net\/index.php\/wp-json\/wp\/v2\/types\/post"}],"author":[{"embeddable":true,"href":"https:\/\/www.chromatique.net\/index.php\/wp-json\/wp\/v2\/users\/19"}],"replies":[{"embeddable":true,"href":"https:\/\/www.chromatique.net\/index.php\/wp-json\/wp\/v2\/comments?post=4083"}],"version-history":[{"count":0,"href":"https:\/\/www.chromatique.net\/index.php\/wp-json\/wp\/v2\/posts\/4083\/revisions"}],"wp:featuredmedia":[{"embeddable":true,"href":"https:\/\/www.chromatique.net\/index.php\/wp-json\/wp\/v2\/media\/4084"}],"wp:attachment":[{"href":"https:\/\/www.chromatique.net\/index.php\/wp-json\/wp\/v2\/media?parent=4083"}],"wp:term":[{"taxonomy":"category","embeddable":true,"href":"https:\/\/www.chromatique.net\/index.php\/wp-json\/wp\/v2\/categories?post=4083"},{"taxonomy":"post_tag","embeddable":true,"href":"https:\/\/www.chromatique.net\/index.php\/wp-json\/wp\/v2\/tags?post=4083"}],"curies":[{"name":"wp","href":"https:\/\/api.w.org\/{rel}","templated":true}]}}