{"id":3693,"date":"2009-03-26T00:00:00","date_gmt":"2009-03-25T23:00:00","guid":{"rendered":"http:\/\/chromatique.net\/index.php\/2020\/04\/01\/3693"},"modified":"2009-03-26T00:00:00","modified_gmt":"2009-03-25T22:00:00","slug":"3693","status":"publish","type":"post","link":"https:\/\/www.chromatique.net\/index.php\/2009\/03\/26\/3693\/","title":{"rendered":"Forgas Band Phenomena &#8211; L&rsquo;Axe du fou \u00b0 Axis of Madness"},"content":{"rendered":"<p>Le c\u00e9l\u00e8bre batteur Patrick Forgas restera toujours reconnu, tout comme son confr\u00e8re Christian Vander, pour avoir propos\u00e9 tr\u00e8s t\u00f4t, il y plus de trente ans, une musique nouvelle et inclassable, aux carrefours du rock progressif le plus d\u00e9brid\u00e9 (Caravan, Soft Machine et autres National Health) et du jazz rock exigeant. D\u2019ailleurs, le meneur en chef du Forgas Band Phenomena a passablement travaill\u00e9 avec les membres de Magma ou Zao. Ainsi, la filiation est assez claire. <\/p>\n<p>  Depuis l&rsquo;aventure de son c\u00e9l\u00e8bre album <i>Cocktail<\/i> \u00e0 la fin des ann\u00e9es soixante-dix, il a form\u00e9 un nouveau septette en 1993 dont <i>L\u2019axe du fou \u00b0 Axis of Madness<\/i> est d\u00e9j\u00e0 le quatri\u00e8me album m\u00eame s\u2019il n\u2019a jamais cess\u00e9 de publier sous son patronyme seul d\u2019int\u00e9ressants albums en solo (<i>L\u2019\u0153il<\/i> et <i>Art d\u2019echo<\/i> parus tous deux chez Musea respectivement en 1990 et 1993). <\/p>\n<p>  Tr\u00e8s inspir\u00e9 par l\u2019\u00e9cole dite de Canterbury, cet excellent album puise \u00e9galement largement ses influences du c\u00f4t\u00e9 de musiciens marquants comme ceux cit\u00e9s en amont, ou bien encore Jean-Luc Ponty ou l\u2019in\u00e9galable Franck Zappa. Certes, le fruit est m\u00fbr \u00e0 point mais pourra sembler amer aux palais habitu\u00e9s aux douceurs n\u00e9o-progressives ou aux rafra\u00eechissantes m\u00e9lodies d&rsquo;\u00e9lectro-jazz qui se laissent \u00e9couter dans la plupart des caf\u00e9s branch\u00e9s des capitales du monde entier. Ici, il s\u2019agit de musique s\u00e9rieuse et complexe\u00a0! <\/p>\n<p>  Les quatre longs  morceaux qui composent cet <i>Axe du fou<\/i> sont clairement structur\u00e9s, parfaitement ex\u00e9cut\u00e9s et jamais d\u00e9nu\u00e9s de m\u00e9lodie. La guitare \u00e9lectrique et le violon se taillent la part du lion \u00e0 armes \u00e9gales avec le formidable jeu de batterie du Forgas en chef. Rien de v\u00e9ritablement nouveau dans tout cela m\u00eame si cette quatri\u00e8me production constitue un produit de manufacture de haute horlogerie musicale \u00e0 ne pas laisser passer pour tout amateur de \u00ab&nbsp;belles m\u00e9caniques&nbsp;\u00bb instrumentales. Bref, un plat de gourmet.<\/p>\n","protected":false},"excerpt":{"rendered":"<p>Le c\u00e9l\u00e8bre batteur Patrick Forgas restera toujours reconnu, tout comme son confr\u00e8re Christian Vander, pour&#8230;<\/p>\n","protected":false},"author":5,"featured_media":3694,"comment_status":"closed","ping_status":"open","sticky":false,"template":"","format":"standard","meta":[],"categories":[2],"tags":[],"acf":[],"_links":{"self":[{"href":"https:\/\/www.chromatique.net\/index.php\/wp-json\/wp\/v2\/posts\/3693"}],"collection":[{"href":"https:\/\/www.chromatique.net\/index.php\/wp-json\/wp\/v2\/posts"}],"about":[{"href":"https:\/\/www.chromatique.net\/index.php\/wp-json\/wp\/v2\/types\/post"}],"author":[{"embeddable":true,"href":"https:\/\/www.chromatique.net\/index.php\/wp-json\/wp\/v2\/users\/5"}],"replies":[{"embeddable":true,"href":"https:\/\/www.chromatique.net\/index.php\/wp-json\/wp\/v2\/comments?post=3693"}],"version-history":[{"count":0,"href":"https:\/\/www.chromatique.net\/index.php\/wp-json\/wp\/v2\/posts\/3693\/revisions"}],"wp:featuredmedia":[{"embeddable":true,"href":"https:\/\/www.chromatique.net\/index.php\/wp-json\/wp\/v2\/media\/3694"}],"wp:attachment":[{"href":"https:\/\/www.chromatique.net\/index.php\/wp-json\/wp\/v2\/media?parent=3693"}],"wp:term":[{"taxonomy":"category","embeddable":true,"href":"https:\/\/www.chromatique.net\/index.php\/wp-json\/wp\/v2\/categories?post=3693"},{"taxonomy":"post_tag","embeddable":true,"href":"https:\/\/www.chromatique.net\/index.php\/wp-json\/wp\/v2\/tags?post=3693"}],"curies":[{"name":"wp","href":"https:\/\/api.w.org\/{rel}","templated":true}]}}