{"id":3077,"date":"2005-07-03T00:00:00","date_gmt":"2005-07-02T22:00:00","guid":{"rendered":"http:\/\/chromatique.net\/index.php\/2020\/04\/01\/3077"},"modified":"2005-07-03T00:00:00","modified_gmt":"2005-07-02T22:00:00","slug":"3077","status":"publish","type":"post","link":"https:\/\/www.chromatique.net\/index.php\/2005\/07\/03\/3077\/","title":{"rendered":"Popol Vuh &#8211; Die Nacht der Seele (r\u00e9\u00e9d)"},"content":{"rendered":"\n<p>Popol Vuh, voil\u00e0 un dr\u00f4le de nom, celui d\u2019un livre sacr\u00e9 des Mayas, le <em>Livre des Ev\u00e9nements<\/em>, qui ne dira sans doute pas grand-chose \u00e0 la jeune g\u00e9n\u00e9ration. Pourtant ce groupe allemand, et en particulier sa t\u00eate pensante feu Florian Fricke, fait partie des pionniers de la musique exp\u00e9rimentale et \u00e9lectronique. Form\u00e9 \u00e0 la fin des ann\u00e9es soixante autour de Fricke, Popol Vuh est l\u2019auteur de vingt-trois albums, dont plusieurs B.O. pour le c\u00e9l\u00e8bre r\u00e9alisateur Werner Herzog (<em>Aguirre, Nosferatu, Fitzcarraldo, Cobra Verde<\/em> etc.).<br \/><br \/>Quatre ans apr\u00e8s la mort de Fricke fin 2001, suite \u00e0 une apoplexie, le label SPV r\u00e9\u00e9dite une tr\u00e8s large partie des albums du groupe \u00e0 g\u00e9om\u00e9trie variable, dont <em>Die Nacht Der Seele<\/em>, paru en 1979, qui marque l\u2019arriv\u00e9e dans le groupe Renate Knaup en transfuge d\u2019Amon D\u00fc\u00fcl II. Notons pour l\u2019anecdote qu\u2019\u00e0 des \u00e9poques diverses, Holger Tr\u00fclzsch aura eu le m\u00eame parcours aux percussions, comme Daniel Fichelscher, Alois Gromer \u00e0 la sitar, Chris Karrer  au saxophone : tous transfuges ou int\u00e9rimaires d\u2019Amon D\u00fc\u00fcl II qui passeront dans les rangs de Popol Vuh dont le producteur, Gerhard Augustin, est aussi celui de\u2026 Amon D\u00fc\u00fcl II ! Par ailleurs, Klaus Schulze, autre monument krautrock, rachetera le Moog III de Fricke et produira l\u2019un des albums de son groupe : cette sc\u00e8ne produit entre 1970 et 1983, de nombreuses interactions.<br \/><br \/> Point d\u2019exp\u00e9rimentations \u00e9lectroniques sur ce disque, tous les instruments sont naturels : piano, guitare, hautbois, sitar, percussion et quelques vocaux. Popol Vuh d\u00e9livre ici une musique instrumentale qui ne d\u00e9pareillerait pas sur un film de Herzog. En effet, <em>Die Nacht Der Seele<\/em> a tout d\u2019une bande originale, et sans doute le pass\u00e9 de critique cin\u00e9ma \u2013 et musique \u2013 de Fricke n\u2019y est pas \u00e9tranger. La musique folklorique habillement interpr\u00e9t\u00e9e d\u00e9gage une atmosph\u00e8re \u00e0 la fois \u00e9th\u00e9r\u00e9e, sombre et placide (\u00ab Mit H\u00e4nden, Mit F\u00fcssen \u00bb, \u00ab Wo bist Du, der Du \u00dcberwunden Hast ? \u00bb).<br \/>H\u00e9las, la majorit\u00e9 des titres affiche une grande pauvret\u00e9 dans l\u2019instrumentation et manque de consistance dans les m\u00e9lodies. Bien que les compositions n\u2019exc\u00e8dent pas pour la plupart les trois minutes, leur cruelle lin\u00e9arit\u00e9 risque de d\u00e9courager m\u00eame les plus hardis aujourd\u2019hui, hors de leur contexte socio-culturel (\u00ab Wanderer Durch die Nacht \u00bb). Ces soucis viennent du fait que <em>Die Nacht Der Seele<\/em> semble vouloir illustrer un film imaginaire, ce qui le rend \u00ab incomplet \u00bb et par cons\u00e9quent lui fait perdre toute sa force. Quant \u00e0 son \u00e9ventuel pouvoir de sugg\u00e9rer des images \u00e0 l\u2019auditeur, il reste tr\u00e8s limit\u00e9 pour les raisons \u00e9voqu\u00e9es plus haut. Concernant les boni, ils sont du m\u00eame acabit que le reste : r\u00e9p\u00e9titifs.<br \/><br \/> De part son caract\u00e8re monotone et assoupissant, cette r\u00e9\u00e9dition de <em>Die Nacht Der Seele<\/em> n\u2019int\u00e9ressera gu\u00e8re de monde, si ce n\u2019est les nostalgiques de Florian Fricke et de Popol Vuh. Rappelons ici que le groupe s\u2019est aussi revitalis\u00e9 autour des recherches spirituelles et mystiques de Fricke, et pr\u00e9figure alors des sonorit\u00e9s qui formeront la gen\u00e8se, selon certains, du New Age.<\/p>","protected":false},"excerpt":{"rendered":"<p>Popol Vuh, voil\u00e0 un dr\u00f4le de nom, celui d\u2019un livre sacr\u00e9 des Mayas, le Livre&#8230;<\/p>\n","protected":false},"author":13,"featured_media":3078,"comment_status":"closed","ping_status":"open","sticky":false,"template":"","format":"standard","meta":[],"categories":[2],"tags":[],"acf":[],"_links":{"self":[{"href":"https:\/\/www.chromatique.net\/index.php\/wp-json\/wp\/v2\/posts\/3077"}],"collection":[{"href":"https:\/\/www.chromatique.net\/index.php\/wp-json\/wp\/v2\/posts"}],"about":[{"href":"https:\/\/www.chromatique.net\/index.php\/wp-json\/wp\/v2\/types\/post"}],"author":[{"embeddable":true,"href":"https:\/\/www.chromatique.net\/index.php\/wp-json\/wp\/v2\/users\/13"}],"replies":[{"embeddable":true,"href":"https:\/\/www.chromatique.net\/index.php\/wp-json\/wp\/v2\/comments?post=3077"}],"version-history":[{"count":0,"href":"https:\/\/www.chromatique.net\/index.php\/wp-json\/wp\/v2\/posts\/3077\/revisions"}],"wp:featuredmedia":[{"embeddable":true,"href":"https:\/\/www.chromatique.net\/index.php\/wp-json\/wp\/v2\/media\/3078"}],"wp:attachment":[{"href":"https:\/\/www.chromatique.net\/index.php\/wp-json\/wp\/v2\/media?parent=3077"}],"wp:term":[{"taxonomy":"category","embeddable":true,"href":"https:\/\/www.chromatique.net\/index.php\/wp-json\/wp\/v2\/categories?post=3077"},{"taxonomy":"post_tag","embeddable":true,"href":"https:\/\/www.chromatique.net\/index.php\/wp-json\/wp\/v2\/tags?post=3077"}],"curies":[{"name":"wp","href":"https:\/\/api.w.org\/{rel}","templated":true}]}}