{"id":2783,"date":"2008-08-01T00:00:00","date_gmt":"2008-07-31T22:00:00","guid":{"rendered":"http:\/\/chromatique.net\/index.php\/2020\/04\/01\/2783"},"modified":"2008-08-01T00:00:00","modified_gmt":"2008-07-31T22:00:00","slug":"2783","status":"publish","type":"post","link":"https:\/\/www.chromatique.net\/index.php\/2008\/08\/01\/2783\/","title":{"rendered":"Sylvan &#8211; Posthumous Silence \u2013 The Show"},"content":{"rendered":"<p>Dix ans de carri\u00e8re pour un groupe de prog&rsquo;, \u00e7a se f\u00eate. Par un album en concert, <i>Leaving Backstage<\/i>, par exemple. Et pourquoi pas \u00e9galement par une vid\u00e9o, puisque le moindre groupe semble actuellement y aller de son DVD. L\u2019amateurisme souvent constat\u00e9 des groupes modestes est ici rel\u00e9gu\u00e9e car Sylvan a d\u00e9cid\u00e9\u00a0de mettre les petits plats dans les grands, et d\u2019offrir \u00e0 ses fans un produit de grande qualit\u00e9, qui b\u00e9n\u00e9ficie en premier lieu d\u2019une image et d\u2019un son impeccables. <\/p>\n<p>  A la mani\u00e8re d\u2019IQ avec <i>Subterranea<\/i>, les Allemands proposent ici une interpr\u00e9tation en concert du tr\u00e8s conceptuel <i>Posthumous Silence<\/i>. Du point de vue technique, ce DVD est un pur produit germanique, fignol\u00e9 dans ses moindres d\u00e9tails, tr\u00e8s professionnel. La prestation est du m\u00eame acabit. Le concert d\u00e9bute sous un grand voile qui tombe d\u00e8s les premi\u00e8res notes de \u00ab&nbsp;In Chains&nbsp;\u00bb. Pour l\u2019occasion, le groupe s\u2019est offert les services de quelques choristes et d\u2019un second guitariste, Jan Petersen, qui deviendra plus tard membre officiel du groupe apr\u00e8s le d\u00e9part de Kay S\u00f6hl. Ces ajouts contribuent \u00e0 retranscrire sur sc\u00e8ne toutes les nombreuses subtilit\u00e9s de l\u2019album. On se r\u00e9f\u00e9rera \u00e0 la chronique de <i>Leaving Backstage<\/i> pour plus de d\u00e9tails. A noter que les paroles sont sous-titr\u00e9es en allemand et en anglais. <\/p>\n<p>  De m\u00eame que la prise de son, l\u2019image ne souffre d\u2019aucun reproche, les angles sont vari\u00e9s, le montage fluide et toujours au coeur de l\u2019action. Le grain de l\u2019image est tr\u00e8s fin, les couleurs contrast\u00e9es, peu agressives et les effets visuels encombrants restent rarissimes. Le seul reproche \u2013 et il est de taille \u2013 qu\u2019on puisse faire \u00e0 <i>Posthumous Silence \u2013 The Show<\/i>, c\u2019est le ratio concert\/bonus. En effet, la performance pr\u00e9sent\u00e9e ici repr\u00e9sente environ une heure vingt, soit une dur\u00e9e inf\u00e9rieure \u00e0 celle des nombreux bonus. <\/p>\n<p>  Un premier documentaire d\u2019une vingtaine de minutes retrace ainsi l\u2019enregistrement de <i>Posthumous Silence<\/i> et de <i>Presets<\/i>. Suivent les pr\u00e9paratifs qui ont gouvern\u00e9 l\u2019enregistrement du DVD et le montage de la sc\u00e8ne. Le titre \u00ab&nbsp;Artificial Paradise&nbsp;\u00bb est quant \u00e0 lui le seul rescap\u00e9 du second set. Le fan aura encore droit aux \u00e9ternels interviews des membres du groupe (sous-titr\u00e9s en anglais), sans oublier les techniciens responsables du son et de l\u2019\u00e9clairage\u00a0du concert. Une \u00e9vidente question se pose d\u00e8s lors\u00a0: pourquoi ne pas avoir remplac\u00e9 les moins \u00ab&nbsp;pertinents&nbsp;\u00bb de ces bonus par la seconde partie du show, qui inclut d\u2019anciens titres ? Consid\u00e9rations financi\u00e8res ? Choix artistique ? Choix commercial pour ne pas faire d\u2019ombre \u00e0 <i>Leaving Backstage<\/i> ? <\/p>\n<p>  Malgr\u00e9 l\u2019ind\u00e9niable qualit\u00e9 d\u2019ensemble de <i>Posthumous Silence \u2013 The Show<\/i>, on reste quelque peu sur sa faim, frustr\u00e9 de ne pas voir le groupe \u00e9voluer sur sc\u00e8ne dans son style le plus direct, par exemple sur des titres de <i>Presets<\/i>. A moins que Sylvan ne nous sorte prochainement un second DVD de derri\u00e8re les fagots\u2026<\/p>\n","protected":false},"excerpt":{"rendered":"<p>Dix ans de carri\u00e8re pour un groupe de prog&rsquo;, \u00e7a se f\u00eate. Par un album&#8230;<\/p>\n","protected":false},"author":14,"featured_media":2784,"comment_status":"closed","ping_status":"open","sticky":false,"template":"","format":"standard","meta":[],"categories":[2],"tags":[],"acf":[],"_links":{"self":[{"href":"https:\/\/www.chromatique.net\/index.php\/wp-json\/wp\/v2\/posts\/2783"}],"collection":[{"href":"https:\/\/www.chromatique.net\/index.php\/wp-json\/wp\/v2\/posts"}],"about":[{"href":"https:\/\/www.chromatique.net\/index.php\/wp-json\/wp\/v2\/types\/post"}],"author":[{"embeddable":true,"href":"https:\/\/www.chromatique.net\/index.php\/wp-json\/wp\/v2\/users\/14"}],"replies":[{"embeddable":true,"href":"https:\/\/www.chromatique.net\/index.php\/wp-json\/wp\/v2\/comments?post=2783"}],"version-history":[{"count":0,"href":"https:\/\/www.chromatique.net\/index.php\/wp-json\/wp\/v2\/posts\/2783\/revisions"}],"wp:featuredmedia":[{"embeddable":true,"href":"https:\/\/www.chromatique.net\/index.php\/wp-json\/wp\/v2\/media\/2784"}],"wp:attachment":[{"href":"https:\/\/www.chromatique.net\/index.php\/wp-json\/wp\/v2\/media?parent=2783"}],"wp:term":[{"taxonomy":"category","embeddable":true,"href":"https:\/\/www.chromatique.net\/index.php\/wp-json\/wp\/v2\/categories?post=2783"},{"taxonomy":"post_tag","embeddable":true,"href":"https:\/\/www.chromatique.net\/index.php\/wp-json\/wp\/v2\/tags?post=2783"}],"curies":[{"name":"wp","href":"https:\/\/api.w.org\/{rel}","templated":true}]}}