{"id":2625,"date":"2010-02-10T00:00:00","date_gmt":"2010-02-09T23:00:00","guid":{"rendered":"http:\/\/chromatique.net\/index.php\/2020\/04\/01\/2625"},"modified":"2010-02-10T00:00:00","modified_gmt":"2010-02-09T22:00:00","slug":"2625","status":"publish","type":"post","link":"https:\/\/www.chromatique.net\/index.php\/2010\/02\/10\/2625\/","title":{"rendered":"Projeto B &#8211; A Viagem de Villa-Lobos"},"content":{"rendered":"<p>Le pr\u00e9c\u00e9dent album, <i>A Noite<\/i>, \u00e9tait d\u00e9j\u00e0 d&rsquo;une fra\u00eecheur et d&rsquo;une musicalit\u00e9 incroyables. Cette formation br\u00e9silienne pi\u00e9tine avec bonheur de nombreuses plates-bandes : \u00e0 cheval entre jazz et musique contemporaine, sans pour autant oublier un certain aspect Rock in Opposition m\u00eal\u00e9 de musique traditionnelle&#8230; Alors qu&rsquo;un tel bric-\u00e0-brac pourrait facilement \u00eatre synonyme d&rsquo;indigestion, les membres de Projeto B se sont toujours appliqu\u00e9s \u00e0 produire une mixture coh\u00e9rente et soign\u00e9e. <\/p>\n<p>  Cette nouvelle sortie ne d\u00e9roge pas \u00e0 la r\u00e8gle. Le concept a le m\u00e9rite d&rsquo;\u00eatre ambitieux : l&rsquo;album est un hommage au compositeur br\u00e9silien Heitor Villa-Lobos. Un parti-pris relativement logique, tant le personnage \u00e9tait lui-m\u00eame d\u00e9j\u00e0 en son temps \u00e0 la crois\u00e9e des genres, et ce d&rsquo;autant plus que le groupe s&rsquo;\u00e9tait d\u00e9j\u00e0 livr\u00e9 \u00e0 l&rsquo;exercice de la reprise de titres classiques. En effet, sur les pr\u00e9c\u00e9dents disques, Igor Stravinsky et Charles Ives avaient d\u00e9j\u00e0 servi de cobayes pour des r\u00e9sultats tr\u00e8s enthousiasmants. <\/p>\n<p>  C&rsquo;est donc l&rsquo;habilet\u00e9 de cette formation \u00e0 trouver l&rsquo;\u00e9quilibre parmi des influences tr\u00e8s diverses qui impressionne : passer d&rsquo;une m\u00e9lodie innocente et color\u00e9e \u00e0 des interventions free jazz est monnaie courante tout au long de ce \u00ab\u00a0voyage\u00a0\u00bb. Les cuivres, souvent en avant, sont efficaces dans tous les registres, sur l&rsquo;apaisant \u00ab\u00a0Choros N\u00b05 &#8211; \u00ab\u00a0Alma Brasileira\u00a0\u00bb\u00a0\u00bb par exemple, qui rappellerait presque une version br\u00e9silienne des compositions de Sophia Domancich. Les nuances ont visiblement une importance capitale dans la musique de Projeto B, vu l&rsquo;envergure du travail d&rsquo;orchestration et d&rsquo;interpr\u00e9tation, et tant chaque musicien parvient \u00e0 s&rsquo;impr\u00e9gner de sa partition. L&rsquo;introduction de \u00ab\u00a0Estudos para viol\u00e3o N\u00b012 e N\u00b08\u00a0\u00bb prouve d&rsquo;ailleurs \u00e0 quel point chaque d\u00e9tail peut \u00eatre soign\u00e9, notamment au niveau des dialogues entre les instruments. <\/p>\n<p>  L&rsquo;illusion est frappante, d&rsquo;autant que le disque se conclut par trois compositions originales qui forment un tout v\u00e9ritablement coh\u00e9rent avec les titres de Villa-Lobos. L&rsquo;hypnotique \u00ab\u00a0Ouvido\u00a0\u00bb appara\u00eet d&rsquo;ailleurs comme un des sommets du disque. La mise en forme n&rsquo;est finalement pas si \u00e9loign\u00e9e de ce que propose l&rsquo;Emile Parisien Quartet, pour ce m\u00e9lange d&rsquo;audace et de finesse. De plus, cet album prend la forme d&rsquo;un superbe livre agr\u00e9ment\u00e9 de dessins en noir et blanc, support id\u00e9al \u00e0 la musique propos\u00e9e ici. Projeto B sait soigner ses auditeurs, et nul doute que les prochaines sorties de ces artistes sont \u00e0 surveiller de tr\u00e8s pr\u00e8s.<\/p>\n","protected":false},"excerpt":{"rendered":"<p>Le pr\u00e9c\u00e9dent album, A Noite, \u00e9tait d\u00e9j\u00e0 d&rsquo;une fra\u00eecheur et d&rsquo;une musicalit\u00e9 incroyables. Cette formation&#8230;<\/p>\n","protected":false},"author":15,"featured_media":2626,"comment_status":"closed","ping_status":"open","sticky":false,"template":"","format":"standard","meta":[],"categories":[2],"tags":[],"acf":[],"_links":{"self":[{"href":"https:\/\/www.chromatique.net\/index.php\/wp-json\/wp\/v2\/posts\/2625"}],"collection":[{"href":"https:\/\/www.chromatique.net\/index.php\/wp-json\/wp\/v2\/posts"}],"about":[{"href":"https:\/\/www.chromatique.net\/index.php\/wp-json\/wp\/v2\/types\/post"}],"author":[{"embeddable":true,"href":"https:\/\/www.chromatique.net\/index.php\/wp-json\/wp\/v2\/users\/15"}],"replies":[{"embeddable":true,"href":"https:\/\/www.chromatique.net\/index.php\/wp-json\/wp\/v2\/comments?post=2625"}],"version-history":[{"count":0,"href":"https:\/\/www.chromatique.net\/index.php\/wp-json\/wp\/v2\/posts\/2625\/revisions"}],"wp:featuredmedia":[{"embeddable":true,"href":"https:\/\/www.chromatique.net\/index.php\/wp-json\/wp\/v2\/media\/2626"}],"wp:attachment":[{"href":"https:\/\/www.chromatique.net\/index.php\/wp-json\/wp\/v2\/media?parent=2625"}],"wp:term":[{"taxonomy":"category","embeddable":true,"href":"https:\/\/www.chromatique.net\/index.php\/wp-json\/wp\/v2\/categories?post=2625"},{"taxonomy":"post_tag","embeddable":true,"href":"https:\/\/www.chromatique.net\/index.php\/wp-json\/wp\/v2\/tags?post=2625"}],"curies":[{"name":"wp","href":"https:\/\/api.w.org\/{rel}","templated":true}]}}