{"id":22829,"date":"2020-10-12T20:57:00","date_gmt":"2020-10-12T18:57:00","guid":{"rendered":"http:\/\/www.chromatique.net\/?p=22829"},"modified":"2020-10-15T23:01:32","modified_gmt":"2020-10-15T21:01:32","slug":"comme-les-deux-doigts-de-la-main","status":"publish","type":"post","link":"https:\/\/www.chromatique.net\/index.php\/2020\/10\/12\/comme-les-deux-doigts-de-la-main\/","title":{"rendered":"Peirani &#8211; Parisien: Comme les deux doigts de la main"},"content":{"rendered":"\n<p><strong>Le duo Vincent Peirani \u2013 \u00c9mile Parisien vient de sortir son deuxi\u00e8me disque chez ACT, six ans apr\u00e8s le premier volume. L&rsquo;accord\u00e9oniste et le saxophoniste, complices de toujours, ont ainsi donn\u00e9 un successeur \u00e0 leur fameux <em>Belle \u00c9poque<\/em>, dont le th\u00e8me principal est la musique de Sidney Bechet. \u00c9mile Parisien a aimablement accept\u00e9 de revenir pour Chromatique sur la naissance de son duo avec Peirani et sur la gen\u00e8se du petit dernier, l&rsquo;excellent <em>Abrazo<\/em> consacr\u00e9 au tango, entre autres sujets d&rsquo;actualit\u00e9.<\/strong><\/p>\n\n\n\n<p><strong>Chromatique.net&nbsp;: Je vais commencer par quelques questions qu&rsquo;on vous a s\u00fbrement d\u00e9j\u00e0 pos\u00e9es des dizaines de fois : comment vous \u00eates-vous rencontr\u00e9s, avec Vincent&nbsp;? Comment est n\u00e9e cette amiti\u00e9&nbsp;?<\/strong><\/p>\n\n\n\n<p><strong>Emile Parisien&nbsp;:<\/strong> On s&rsquo;\u00e9tait aper\u00e7u une premi\u00e8re fois quand on \u00e9tait tr\u00e8s jeunes, il y a tr\u00e8s longtemps, \u00e0 Pinarello en Corse. Puis des ann\u00e9es ont pass\u00e9, jusqu&rsquo;\u00e0 ce que Daniel Humair nous appelle chacun de notre c\u00f4t\u00e9. Il avait envie de jouer avec nous, et m&rsquo;avait demand\u00e9 si je connaissais Vincent, \u00e0 qui il a demand\u00e9 la m\u00eame chose. On a fait un premier concert formidable qui a vraiment \u00e9t\u00e9 un coup de foudre musical et humain. Avec le quartette de Daniel Humair, on a enregistr\u00e9 un disque [NdlR&nbsp;: <em>Sweet And Sour<\/em>, chez Laborie, avec&nbsp;Daniel Humair, J\u00e9r\u00f4me Regard, Vincent Peirani, \u00c9mile Parisien]. De l\u00e0 est n\u00e9 ce duo&nbsp;; presque \u00e0 chaque concert, des gens venaient nous voir pour nous dire \u00ab&nbsp;Quelle connexion entre vous deux&nbsp;!&nbsp;\u00bb, \u00ab&nbsp;Vous faites quelque chose ensemble&nbsp;en duo?&nbsp;\u00bb, etc. Et du coup \u00e7a a donn\u00e9 l&rsquo;id\u00e9e \u00e0 Marion Piras, l&rsquo;agent de Daniel Humair, de nous demander \u00ab&nbsp;Comme tout le monde parle du duo, est-ce que \u00e7a vous dirait de faire un concert ensemble&nbsp;, \u00e0 deux&nbsp;?&nbsp;\u00bb. On a donc fait un premier concert \u00e0 Seoul, en Cor\u00e9e. On a jou\u00e9 avec Daniel Humair un premier concert qui \u00e9tait vraiment tr\u00e8s bien, et ensuite on a fait notre premier concert en duo&nbsp;; on ne savait pas trop quoi faire, on \u00e9tait \u00e9clat\u00e9 car on avait fait le voyage pour deux jours. On peut dire que \u00e7a ne s&rsquo;est vraiment pas bien pass\u00e9. On \u00e9tait d\u00e9\u00e7u, il n&rsquo;y avait pas cette magie. On \u00e9tait tr\u00e8s fatigu\u00e9 et tr\u00e8s stress\u00e9 \u00e0 l&rsquo;id\u00e9e de faire quelque chose de bien. C&rsquo;est tr\u00e8s difficile d&rsquo;\u00eatre \u00e0 quatre puis de se retrouver \u00e0 deux. On est vraiment \u00e0 poil, on ne peut pas se cacher derri\u00e8re d&rsquo;autres musiciens&nbsp;; mais on a eu une deuxi\u00e8me chance un ou deux mois plus tard. Et l\u00e0 il s&rsquo;est pass\u00e9 ce qu&rsquo;on attendait, c&rsquo;\u00e9tait un super concert, et on s&rsquo;est dit&nbsp;: \u00ab&nbsp;on continue \u00e0 jouer ensemble&nbsp;\u00bb.<\/p>\n\n\n\n<p><strong>Et \u00e7a a donn\u00e9 <em>Belle \u00c9poque<\/em>.<\/strong><\/p>\n\n\n\n<p>Pas tout de suite. On avait commenc\u00e9 \u00e0 travailler des choses ensemble, et comme on \u00e9tait tous les deux sur le label ACT, le directeur du label nous propos\u00e9 de faire un disque en duo, mais il nous avait fortement sugg\u00e9r\u00e9 la th\u00e9matique&nbsp;: faire un hommage \u00e0 Sidney Bechet. On \u00e9tait tr\u00e8s sceptique au d\u00e9part car on avait d\u00e9j\u00e0 commenc\u00e9 \u00e0 bosser des choses et Bechet, ce n&rsquo;\u00e9tait pas le jazz qu&rsquo;on connaissait bien. Avant de refuser, on s&rsquo;est dit qu&rsquo;on allait quand m\u00eame \u00e9couter un peu, et voir si on ne pouvait pas faire un truc ou deux. Et puis, en fait, les id\u00e9es sont venues. On a fait un mix avec des compos \u00e0 nous et l&rsquo;univers de Sidney Bechet. \u00c7a a donn\u00e9 ce disque, <em>Belle \u00c9poque<\/em>, notre premier en duo, sorti chez ACT en 2014.<\/p>\n\n\n\n<p><strong>Sur sc\u00e8ne, vous avez chacun ce petit quelque chose qui vous caract\u00e9rise. Vincent, lui, arrive pieds nus et vous-m\u00eame vous ne tenez pas en place pendant que vous jouez, on peut presque dire que vous dansez&nbsp;! Je ne sais pas si on vous en a d\u00e9j\u00e0 parl\u00e9, mais c&rsquo;est un sonore ET visuel de vous voir sur sc\u00e8ne. Je suppose que c&rsquo;est quelque chose que vous ne contr\u00f4lez pas&nbsp;?<\/strong><\/p>\n\n\n\n<p>Non, pas du tout. C&rsquo;est une rencontre humaine&nbsp;: Vincent est tr\u00e8s grand, je suis tout petit. Je ne contr\u00f4le \u00e9videmment rien, je ne me regarde pas dans une glace pour produire quoi que ce soit, c&rsquo;est vraiment la musique qui appelle les mouvements. J&rsquo;ai d&rsquo;ailleurs beaucoup de mal \u00e0 voir \u00e7a en vid\u00e9o, mais \u00e7a fait partie de moi, et il faut l&rsquo;assumer. Mais en effet, je bouge beaucoup, c&rsquo;est la musique qui appelle \u00e7a.<\/p>\n\n\n\n<p><strong>Parlons un peu de l&rsquo;album <\/strong><em><strong>Abrazo <\/strong><\/em><strong>maintenant, si vous voulez. Je voulais au d\u00e9part \u00e9voquer les fils conducteur de vos albums respectifs, en pensant que \u00e7a venait de vous et que vous vous mettiez d&rsquo;accord&nbsp;\u00e0 deux. Je pense \u00e0 <\/strong><em><strong>Double Screening<\/strong><\/em><strong> ou <\/strong><em><strong>Belle <\/strong><\/em><em><strong>\u00c9poque<\/strong><\/em><strong>, justement. Pour<\/strong><em><strong> Abrazo<\/strong><\/em><strong>, le th\u00e8me vous a \u00e9t\u00e9 sugg\u00e9r\u00e9 aussi&nbsp;?<\/strong><\/p>\n\n\n\n<p>Pour <em>Double Screening<\/em>, en quartette, c&rsquo;\u00e9tait le groupe qui avait d\u00e9cid\u00e9 de la th\u00e9matique, et sur <em>Belle <\/em><em>\u00c9poque<\/em>, il y a quand m\u00eame des compositions qui sont \u00e0 nous&nbsp;; on s&rsquo;\u00e9tait pos\u00e9 des questions musicales \u00e0 deux, on avait travaill\u00e9 des orchestrations, et tout \u00e7a s&rsquo;est retrouv\u00e9 dans la th\u00e9matique. Pour <em>Abrazo<\/em>, la th\u00e9matique c&rsquo;est le tango, qui nous a \u00e9t\u00e9 une nouvelle fois sugg\u00e9r\u00e9e par le directeur de notre label, Siggi Loch. Il \u00e9tait parti en Am\u00e9rique du Sud, et notamment \u00e0 Buenos Aires, o\u00f9 il est tomb\u00e9 amoureux du tango. A son retour, il nous a dit \u00ab&nbsp;Bon, les gar\u00e7ons, je reviens d&rsquo;un voyage dont la musique m&rsquo;a beaucoup touch\u00e9. Vous ne voulez pas faire un disque autour de la th\u00e9matique du tango&nbsp;?&nbsp;\u00bb Une nouvelle fois, on a \u00e9t\u00e9 un peu d\u00e9stabilis\u00e9, mais apr\u00e8s quatre ans de tourn\u00e9e avec <em>Belle <\/em><em>\u00c9poque<\/em>, on s&rsquo;est dit que finalement la premi\u00e8re th\u00e9matique propos\u00e9e avait bien march\u00e9, alors pourquoi pas suivre cette proposition&nbsp;? On est donc reparti au charbon, on a \u00e9cout\u00e9 des choses, on a compos\u00e9 des morceaux, et on a enregistr\u00e9 ce disque.<\/p>\n\n\n\n<p><strong>Il y a aussi d&rsquo;autres r\u00e9f\u00e9rences, comme le premier titre, \u00ab&nbsp;The Cave&nbsp;\u00bb de Jelly Roll Morton, qui fait plut\u00f4t penser, je trouve, \u00e0 l&rsquo;album <em>Belle <\/em><em>\u00c9poque&#8230;<\/em><\/strong><\/p>\n\n\n\n<p>C&rsquo;est tr\u00e8s important pour nous de cr\u00e9er un pont entre les deux disques, c&rsquo;est pour \u00e7a que ce titre est plac\u00e9 en premier. Ensuite, on entre davantage dans la th\u00e9matique du tango. Donc \u00ab&nbsp;The Cave&nbsp;\u00bb est le morceau de transition vers le nouveau r\u00e9pertoire, celui du tango, et vers quelques compositions qui sont inspir\u00e9es de cette th\u00e9matique.<\/p>\n\n\n\n<p><strong>Lorsque vous devez choisir des titres en rapport avec ce r\u00e9pertoire, comme Astor Piazzolla, comment se fait la s\u00e9lection&nbsp;? Est-ce quelque chose que vous d\u00e9cidez ensemble&nbsp;?<\/strong><\/p>\n\n\n\n<p>Oui, bien s\u00fbr, on fait des propositions, c&rsquo;est coll\u00e9gial, comme&nbsp;processus. Alors \u00e9videmment, on aurait pu faire un album hommage au tango sans jouer de compositions de Piazzolla, mais c&rsquo;est quand m\u00eame le compositeur phare de cette musique. On s&rsquo;est demand\u00e9 comment puiser l&rsquo;inspiration dans la musique de Piazzolla sans rejouer \u00ab&nbsp;Libertango&nbsp;\u00bb ou des gros tubes. On a d\u00fb chercher un peu, et on en est arriv\u00e9 \u00e0 ces deux morceaux que sont \u00ab&nbsp;Deus Xango&nbsp;\u00bb et la fugue. On a \u00e9cout\u00e9 beaucoup de choses et on s&rsquo;est dit&nbsp;: \u00ab&nbsp;tu ne crois pas qu&rsquo;on pourrait faire quelque chose avec ci, avec \u00e7a&nbsp;\u00bb, et voil\u00e0. Il y a une histoire sympa concernant un autre morceau de l&rsquo;album, celui de Xavier Cugat. Michel Portal est assez pr\u00e9sent dans, disons, notre \u00ab&nbsp;histoire&nbsp;\u00bb, dans le sens o\u00f9 tous les deux nous avons jou\u00e9 avec lui. On faisait des concerts en trio, et un jour on revenait d&rsquo;un de ces concert&nbsp;; on a fait deux heures de train et Michel, qui adore raconter des histoires, avait compris qu&rsquo;on \u00e9tait en train de plancher sur un nouveau disque. Il nous a demand\u00e9 \u00ab&nbsp;Tiens, vous ne connaissez pas, \u00e7a&nbsp;?&nbsp;\u00bb&nbsp;; il ne se rappelait ni du titre ni de l\u2019interpr\u00e8te du morceau, seulement d&rsquo;un bout m\u00e9lodie, mais savait que cela venait d&rsquo;un film. On a donc pass\u00e9 le voyage \u00e0 essayer de trouver de quel morceau il parlait, et on a fini par trouver. Et donc on a repris ce morceau, qui vient de l\u00e0-bas aussi.<\/p>\n\n\n\n<p><strong>En parlant de l&rsquo;origine des morceaux, justement, une question me vient \u00e0 l&rsquo;esprit&nbsp;: pourquoi une reprise de Kate Bush&nbsp;? C&rsquo;est assez \u00e9tonnant&nbsp;!<\/strong><\/p>\n\n\n\n<p>Tout comme on a cr\u00e9e un pont entre <em>Belle \u00c9poque <\/em>et ce disque, on a termin\u00e9 ici avec ce morceau, qu&rsquo;on jouait d\u00e9j\u00e0 un peu en concert. On l&rsquo;aimait bien et on trouvait dommage de ne pas l&rsquo;enregistrer. Il a une rythmique qui peut s&rsquo;adapter et renter dans la th\u00e9matique. On a donc fait un pont de sortie, pour dire en somme que c&rsquo;est une s\u00e9rie qui n&rsquo;est pas finie. On ira sans doute encore explorer, je l&rsquo;esp\u00e8re, d&rsquo;autres terrains avec mon ami Vincent. Aucun rapport avec la tango, mais une id\u00e9e qui peut ouvrir vers d&rsquo;autres possibilit\u00e9s de reprises, d&rsquo;autres possibilit\u00e9s. On pense que cette histoire de duo n&rsquo;est pas finie&nbsp;!<\/p>\n\n\n\n<p><strong>C&rsquo;est donc un indice sur ce qui va suivre&nbsp;?<\/strong><\/p>\n\n\n\n<p>Nous-m\u00eames on ne sait pas. Mais \u00e7a peut en effet faire gage d&rsquo;indice sur ce qui pourrait \u00e9ventuellement se passer. ..<\/p>\n\n\n\n<p><strong>C&rsquo;est vague&nbsp;!<\/strong><\/p>\n\n\n\n<p>Oui, mais pour l&rsquo;instant on va sortir ce disque, demain d&rsquo;ailleurs (<em>NdA&nbsp;: l&rsquo;entretien a \u00e9t\u00e9 r\u00e9alis\u00e9 le 27 <\/em><em>aout<\/em><em> 2020<\/em>), faire des concerts sur cette th\u00e9matique\u2026 mais c&rsquo;est pour dire qu&rsquo;on n&rsquo;a pas cl\u00f4t cette s\u00e9rie&nbsp;!<\/p>\n\n\n\n<p><strong>Il y a aussi des titres originaux, compos\u00e9s par vous-m\u00eame ou Vincent. Comment se passe une s\u00e9ance de composition entre \u00c9mile Parisien et Vincent Peirani&nbsp;? Est-ce que vous faites \u00e7a \u00e0 distance ou bien vous retrouvez-vous&nbsp; ensemble&nbsp;? L&rsquo;un vient-il avec ses id\u00e9es et l&rsquo;autre greffe quelque-chose dessus&nbsp;?<\/strong><\/p>\n\n\n\n<p>En l\u2019occurrence, c&rsquo;\u00e9tait des compositions de chacun d&rsquo;entre nous&nbsp;; on n&rsquo;a pas compos\u00e9 ensemble. Mais comme pour le r\u00e9pertoire, on se propose des pistes, des morceaux de compositions qu&rsquo;on a chacun dans nos tiroirs, et on voit si \u00e7a correspond \u00e0 l&rsquo;autre. Ensuite on les travaille, on les adapte pour nous, pour notre histoire.<\/p>\n\n\n\n<p><strong>Au moment de l&rsquo;enregistrement, les titres sont donc d\u00e9j\u00e0 finalis\u00e9s&nbsp;? Ou y<\/strong><strong> a-t-il une part d&rsquo;improvisation&nbsp;?<\/strong><\/p>\n\n\n\n<p>En tous cas, dans la th\u00e9matique et dans notre fa\u00e7on de fonctionner, il y a de l&rsquo;improvisation. Il y a une trame, en g\u00e9n\u00e9ral assez pr\u00e9cise, mais chaque morceau laisse une plage de libert\u00e9 et d&rsquo;improvisation. Pour <em>Belle \u00c9poque<\/em>, on a quand m\u00eame jou\u00e9 les m\u00eames morceaux pendant 4 ans, et entre le d\u00e9but et la fin, ils ont compl\u00e8tement chang\u00e9. Il y a toujours la m\u00e9lodie, mais on peut improviser ce qu&rsquo;on veut \u00e0 l&rsquo;int\u00e9rieur des morceaux.<\/p>\n\n\n\n<p><strong>Concernant le processus m\u00eame de composition, quand vous composez \u00ab&nbsp;Memento&nbsp;\u00bb par exemple, qui est un morceau assez calme, et m\u00eame un peu triste ou nostalgique, comment cela se passe-t-il&nbsp;? Vous avez une histoire, ou cela correspond-il \u00e0 un moment particulier&nbsp;?<\/strong><\/p>\n\n\n\n<p>Oui en effet. C&rsquo;est tr\u00e8s personnel, c&rsquo;est un morceau d\u00e9di\u00e9 \u00e0 ma maman. C&rsquo;est comme pour \u00ab&nbsp;Nouchka&nbsp;\u00bb, qui est une composition de Vincent, \u00e9crite pour sa femme. Elle \u00e9tait surnomm\u00e9e Nouchka quand elle \u00e9tait petite. Donc oui, il y a souvent des histoires derri\u00e8re les morceaux.<\/p>\n\n\n\n<p><strong>Dans l&rsquo;ensemble, je trouve que c&rsquo;est un disque tr\u00e8s m\u00e9lodique, tr\u00e8s \u00e9quilibr\u00e9, avec des belles ambiances assez calmes, puis d&rsquo;autres moment o\u00f9 \u00e7a explose. Est-ce que vous r\u00e9fl\u00e9chissez \u00e0 cet \u00e9quilibre avec Vincent&nbsp;?<\/strong><\/p>\n\n\n\n<p>En fait, quand on \u00e9crit un titre, on cr\u00e9e une histoire, et pour qu&rsquo;une histoire soit \u00e9quilibr\u00e9e, il faut cr\u00e9er des moments de tension, des moments de d\u00e9tente, de joie, de tristesse. On joue beaucoup avec les \u00e9motions, et dans la d\u00e9marche de composition, on y r\u00e9fl\u00e9chit ensemble, en effet.<\/p>\n\n\n\n<p><strong>Que ce soient vos albums personnels, en quintette ou en quartet, ou avec Vincent, il y a un c\u00f4t\u00e9 cin\u00e9matographique, non&nbsp;?<\/strong><\/p>\n\n\n\n<p>En effet, \u00e7a me fait plaisir que vous me disiez \u00e7a. J&rsquo;attache une certaine importance \u00e0 ce que ce soit visible en tant que sc\u00e9nario, en tant qu&rsquo;histoire.<\/p>\n\n\n\n<p><strong>Changeons de sujet, si vous le voulez bien. Les artistes en g\u00e9n\u00e9ral ont pas mal souffert des cons\u00e9quences du covid&nbsp;: fermeture des salles, report des sorties d&rsquo;albums, etc. Comment avez-vous v\u00e9cu cette p\u00e9riode en tant que musicien&nbsp;?<\/strong><\/p>\n\n\n\n<p>Je n&rsquo;ai pas encore une id\u00e9e claire de la mani\u00e8re dont je l&rsquo;ai v\u00e9cu. J&rsquo;ai l&rsquo;impression d&rsquo;y \u00eatre encore, ce n&rsquo;est pas compl\u00e8tement r\u00e9volu. C&rsquo;est une p\u00e9riode particuli\u00e8re mais en tous les cas tr\u00e8s int\u00e9ressante, avec ses difficult\u00e9s, ses explorations dans l\u2019introspection, par rapport \u00e0 une p\u00e9riode o\u00f9 on tourne \u00e9norm\u00e9ment. Je suis en vadrouille depuis une dizaine d&rsquo;ann\u00e9e \u00e0 travers la France et l&rsquo;Europe, et je ne m&rsquo;\u00e9tais pas pos\u00e9 depuis tr\u00e8s longtemps. Donc j&rsquo;ai plut\u00f4t appr\u00e9ci\u00e9 cette p\u00e9riode. Pas toujours, parce qu&rsquo;il a fallu faire le deuil de beaucoup de concerts annul\u00e9s. Mais personnellement j&rsquo;avais besoin d&rsquo;une phase dans ma vie o\u00f9 j&rsquo;allais me poser un peu, r\u00e9fl\u00e9chir et faire un bilan de ce qui s&rsquo;est pass\u00e9, pour repartir \u2013 si on repart&nbsp;! &#8211; avec une certaine fra\u00eecheur. Donc \u00e7a a pu \u00eatre douloureux, mais tout de m\u00eame b\u00e9n\u00e9fique.<\/p>\n\n\n\n<p><strong>Qu&rsquo;attendez-vous des pouvoirs publics pour ce qui est de soutenir les artistes, la culture&nbsp;? En attendez-vous quelque chose, d&rsquo;ailleurs&nbsp;? Trouvez-vous qu&rsquo;actuellement, c&rsquo;est bien g\u00e9r\u00e9&nbsp;?<\/strong><\/p>\n\n\n\n<p>C&rsquo;est assez mal g\u00e9r\u00e9, mais \u00e0 leur d\u00e9charge, je dirais que je n&rsquo;aimerais pas \u00eatre \u00e0 leur place. C&rsquo;est une gestion assez d\u00e9licate, mais il faut voir o\u00f9 sont les priorit\u00e9s du gouvernement. Et l\u00e0, les priorit\u00e9s sont quand m\u00eame assez claires&#8230; Il y a une certaine d\u00e9ception quant au soutien apport\u00e9 \u00e0 la culture. Je ne parle pas que du monde du spectacle, des concerts, mais du monde artistique en g\u00e9n\u00e9ral, qui a \u00e9t\u00e9 profond\u00e9ment touch\u00e9, qu&rsquo;il s\u2019agisse du th\u00e9\u00e2tre, de la danse, des arts plastiques. Les gens ne se rendent pas compte \u00e0 quel point \u00e9norm\u00e9ment d&rsquo;artistes sont touch\u00e9s de plein fouet. Dans certains autres pays, c&rsquo;est g\u00e9r\u00e9 diff\u00e9remment. Avec Vincent, on est pas mal connect\u00e9 avec l&rsquo;Allemagne, car notre label est allemand, mais de toute mani\u00e8re c&rsquo;est catastrophique et on est loin de conna\u00eetre les tenants et les aboutissants de cette p\u00e9riode, on ne sait pas encore comment on va en sortir. On peut esp\u00e9rer qu&rsquo;il y aura des d\u00e9cisions fortes qui seront prises, mais au prix de beaucoup de souffrances, de douleur. Et ce n&rsquo;est pas que le monde artistique, c&rsquo;est un choc international, pour tout le monde, et encore une fois on ne sait pas comment on va en sortir.<\/p>\n\n\n\n<p><strong>Il y a quand m\u00eame quelques concerts d&rsquo;annonc\u00e9s. Vous avez l&rsquo;impression que \u00e7a repart doucement ou est-ce que vous \u00eates dans le flou total&nbsp;?<\/strong><\/p>\n\n\n\n<p>Oui, il y a des concerts d&rsquo;annonc\u00e9s, on croise les doigts pour ces concerts qui sont a priori maintenus avec certainement des contraintes, gestes barri\u00e8re et tout \u00e7a. Donc a priori il va quand m\u00eame se passer des choses, et on va faire en sorte que \u00e7a se passe pour le mieux. \u00c7a repart assez doucement, oui, avec un flou total&nbsp;! Par exemple, Jazz Sous Les Pommiers, qui est un gros festival du mois de mai, a \u00e9t\u00e9 annul\u00e9 comme tous les \u00e9v\u00e9nements des mois de mai-juin. Il y avait quand m\u00eame un projet, celui de faire un week-end de festival au mois de septembre, les 18, 19 et 20 septembre. On a eu la r\u00e9ponse il y a deux heures. Avec ce rebond, cette pseudo deuxi\u00e8me vague, les organisateurs attendaient des arr\u00eat\u00e9s pr\u00e9fectoraux, et finalement \u00e7a aura quand m\u00eame lieu, bonne nouvelle. Mais jusqu&rsquo;au dernier moment personne ne savait.<\/p>\n\n\n\n<p><strong>Vous ne vous projetez pas tr\u00e8s loin, par cons\u00e9quent.<\/strong><\/p>\n\n\n\n<p>On essaie quand m\u00eame de se projeter, pour garder un peu d&rsquo;ambition, mais pour l&rsquo;instant on n&rsquo; a pas de garantie.<\/p>\n\n\n\n<p><strong>Fermons cette parenth\u00e8se douloureuse. Vincent et vous avez eu pas mal de r\u00e9compenses, en France et m\u00eame ailleurs. Finalement, qu&rsquo;est-ce qu&rsquo;il vous reste encore \u00e0 accomplir&nbsp;? Est-ce que vous avez par exemple un r\u00eave un peu fou que vous aimeriez r\u00e9aliser, qui vous tient \u00e0 c\u0153ur&nbsp;?<\/strong><\/p>\n\n\n\n<p>On a \u00e9videmment des r\u00eaves et des projets. Mais je suis assez <em>carpe diem<\/em>, je suis dans le temps pr\u00e9sent. L&rsquo;id\u00e9e, renforc\u00e9e par cette p\u00e9riode d\u00e9licate, c&rsquo;est d&rsquo;aller d\u00e9j\u00e0 au bout de ce projet de duo. J&rsquo;ai aussi des projets, mais chaque chose en son temps. J&rsquo;aimerais bien jouer avec un orchestre. On a \u00e9videmment plein d&rsquo;id\u00e9e, plein de possibilit\u00e9s et j&rsquo;esp\u00e8re qu&rsquo;un maximum d&rsquo;entre elles se r\u00e9aliseront. On ne pourra pas tout faire, mais ce qui est important, c&rsquo;est de r\u00eaver, pour continuer \u00e0 avoir de l&rsquo;ambition. Je ne suis pas superstitieux, mais je vais garder mes id\u00e9es pour moi en esp\u00e9rant qu&rsquo;un jour elles se r\u00e9alisent. Carpe diem&nbsp;!<\/p>\n","protected":false},"excerpt":{"rendered":"<p>Carpe Diem !<\/p>\n","protected":false},"author":14,"featured_media":22830,"comment_status":"closed","ping_status":"open","sticky":false,"template":"","format":"standard","meta":[],"categories":[20,4],"tags":[33,174],"acf":[],"_links":{"self":[{"href":"https:\/\/www.chromatique.net\/index.php\/wp-json\/wp\/v2\/posts\/22829"}],"collection":[{"href":"https:\/\/www.chromatique.net\/index.php\/wp-json\/wp\/v2\/posts"}],"about":[{"href":"https:\/\/www.chromatique.net\/index.php\/wp-json\/wp\/v2\/types\/post"}],"author":[{"embeddable":true,"href":"https:\/\/www.chromatique.net\/index.php\/wp-json\/wp\/v2\/users\/14"}],"replies":[{"embeddable":true,"href":"https:\/\/www.chromatique.net\/index.php\/wp-json\/wp\/v2\/comments?post=22829"}],"version-history":[{"count":11,"href":"https:\/\/www.chromatique.net\/index.php\/wp-json\/wp\/v2\/posts\/22829\/revisions"}],"predecessor-version":[{"id":23166,"href":"https:\/\/www.chromatique.net\/index.php\/wp-json\/wp\/v2\/posts\/22829\/revisions\/23166"}],"wp:featuredmedia":[{"embeddable":true,"href":"https:\/\/www.chromatique.net\/index.php\/wp-json\/wp\/v2\/media\/22830"}],"wp:attachment":[{"href":"https:\/\/www.chromatique.net\/index.php\/wp-json\/wp\/v2\/media?parent=22829"}],"wp:term":[{"taxonomy":"category","embeddable":true,"href":"https:\/\/www.chromatique.net\/index.php\/wp-json\/wp\/v2\/categories?post=22829"},{"taxonomy":"post_tag","embeddable":true,"href":"https:\/\/www.chromatique.net\/index.php\/wp-json\/wp\/v2\/tags?post=22829"}],"curies":[{"name":"wp","href":"https:\/\/api.w.org\/{rel}","templated":true}]}}