{"id":22777,"date":"2020-10-23T20:59:50","date_gmt":"2020-10-23T18:59:50","guid":{"rendered":"http:\/\/www.chromatique.net\/?p=22777"},"modified":"2020-10-27T14:22:27","modified_gmt":"2020-10-27T13:22:27","slug":"skald-viking-memories","status":"publish","type":"post","link":"https:\/\/www.chromatique.net\/index.php\/2020\/10\/23\/skald-viking-memories\/","title":{"rendered":"Skald &#8211; Viking Memories"},"content":{"rendered":"\n<p>Un premier album sorti en 2019 a aussit\u00f4t fait de Skald une sensation d\u00e9passant le public de niche auquel s\u2019adresse en g\u00e9n\u00e9ral les groupes de <em>pagan folk<\/em>. Du chant en vieux-norrois, un album intitul\u00e9 <em>Le Chant des Vikings<\/em>, des runes nordiques sur la pochette, on \u00e9tait persuad\u00e9 d\u2019\u00e9couter un groupe scandinave soucieux de son patrimoine historique. Quelle surprise de d\u00e9couvrir que Skald est en fait l\u2019\u0153uvre de Fran\u00e7ais\u00a0! Issu de la rencontre entre un producteur-compositeur (Christophe Voisin-Boisvinet) et deux chanteurs (Justine Galmiche et Pierrick Valence) passionn\u00e9s de culture viking et m\u00e9di\u00e9vale, la musique du trio parvient \u00e0 toucher \u00e0 la fois les amateurs de<em> pagan folk<\/em>, de m\u00e9tal (Pierrick qui a \u00e9t\u00e9 chanteur de Scarve en est issu), de Moyen-\u00c2ge et de <em>world music<\/em>.<\/p>\n\n\n\n<p>La voix enchanteresse de Justine s\u2019\u00e9quilibre parfaitement avec la technique vocale gutturale de Pierrick (technique qui est \u00e0 rapprocher du chant diphonique tib\u00e9tain et non pas du <em>growl metal<\/em>). La musique est jou\u00e9e sur d\u2019anciens instruments \u00e0 cordes scandinaves (comme la nyckelharpa ou la sk\u00e1ldharpa, un instrument sp\u00e9cialement con\u00e7u pour le groupe) et ponctu\u00e9e de percussions tribales. Les m\u00e9lodies de chaque titre sont addictives. La dur\u00e9e du disque (37 minutes) nous laisse suffisamment sur notre faim pour donner envie de relancer une lecture aussit\u00f4t le dernier morceau fini. Le premier album avait r\u00e9alis\u00e9 un sans-faute, les 13 titres nous plongeaient dans leur univers fantasm\u00e9 sans le moindre temps faible. <em>Viking Memories<\/em> renouvelle l\u2019exploit. Avec une telle formule magique, Skald risque fort de gagner encore des fans\u00a0!<\/p>\n\n\n\n<figure class=\"wp-block-embed-youtube wp-block-embed is-type-video is-provider-youtube wp-embed-aspect-16-9 wp-has-aspect-ratio\"><div class=\"wp-block-embed__wrapper\">\n<iframe loading=\"lazy\" title=\"SK\u00c1LD - Fimbulvetr\" width=\"640\" height=\"360\" src=\"https:\/\/www.youtube.com\/embed\/W22lRPhQYmc?feature=oembed\" frameborder=\"0\" allow=\"accelerometer; autoplay; clipboard-write; encrypted-media; gyroscope; picture-in-picture\" allowfullscreen><\/iframe>\n<\/div><\/figure>\n","protected":false},"excerpt":{"rendered":"<p>La musique de ce trio passionn\u00e9 de culture Viking parvient \u00e0 toucher \u00e0 la fois les amateurs de pagan folk, de m\u00e9tal, de Moyen-\u00c2ge et de world music&#8230;<\/p>\n","protected":false},"author":55,"featured_media":22778,"comment_status":"closed","ping_status":"open","sticky":false,"template":"","format":"standard","meta":[],"categories":[2],"tags":[173],"acf":[],"_links":{"self":[{"href":"https:\/\/www.chromatique.net\/index.php\/wp-json\/wp\/v2\/posts\/22777"}],"collection":[{"href":"https:\/\/www.chromatique.net\/index.php\/wp-json\/wp\/v2\/posts"}],"about":[{"href":"https:\/\/www.chromatique.net\/index.php\/wp-json\/wp\/v2\/types\/post"}],"author":[{"embeddable":true,"href":"https:\/\/www.chromatique.net\/index.php\/wp-json\/wp\/v2\/users\/55"}],"replies":[{"embeddable":true,"href":"https:\/\/www.chromatique.net\/index.php\/wp-json\/wp\/v2\/comments?post=22777"}],"version-history":[{"count":8,"href":"https:\/\/www.chromatique.net\/index.php\/wp-json\/wp\/v2\/posts\/22777\/revisions"}],"predecessor-version":[{"id":23308,"href":"https:\/\/www.chromatique.net\/index.php\/wp-json\/wp\/v2\/posts\/22777\/revisions\/23308"}],"wp:featuredmedia":[{"embeddable":true,"href":"https:\/\/www.chromatique.net\/index.php\/wp-json\/wp\/v2\/media\/22778"}],"wp:attachment":[{"href":"https:\/\/www.chromatique.net\/index.php\/wp-json\/wp\/v2\/media?parent=22777"}],"wp:term":[{"taxonomy":"category","embeddable":true,"href":"https:\/\/www.chromatique.net\/index.php\/wp-json\/wp\/v2\/categories?post=22777"},{"taxonomy":"post_tag","embeddable":true,"href":"https:\/\/www.chromatique.net\/index.php\/wp-json\/wp\/v2\/tags?post=22777"}],"curies":[{"name":"wp","href":"https:\/\/api.w.org\/{rel}","templated":true}]}}