{"id":22711,"date":"2020-10-27T09:43:33","date_gmt":"2020-10-27T08:43:33","guid":{"rendered":"http:\/\/www.chromatique.net\/?p=22711"},"modified":"2020-11-20T21:48:51","modified_gmt":"2020-11-20T20:48:51","slug":"marius-neset-dr-big-band-tributes","status":"publish","type":"post","link":"https:\/\/www.chromatique.net\/index.php\/2020\/10\/27\/marius-neset-dr-big-band-tributes\/","title":{"rendered":"Marius Neset &amp; DR Big Band &#8211; Tributes"},"content":{"rendered":"\n<p>Le saxophoniste Marius Neset a intitul\u00e9 son dernier album <em>Tributes<\/em> car il a choisi d\u2019y rendre hommage \u00e0 la ville de Copenhague qui l\u2019a h\u00e9berg\u00e9 pendant 17 ann\u00e9es avant de la quitter pour rejoindre sa Norv\u00e8ge natale. L\u2019album d\u00e9bute magistralement par le diptyque \u00ab&nbsp;Bicycle Town&nbsp;\u00bb, une \u00e9vocation tr\u00e8s imag\u00e9e de la capitale du v\u00e9lo. Neset d\u00e9marre en solo, utilisant des techniques du <em>free<\/em> pour rendre sa m\u00e9lodie plus rugueuse. Il est progressivement rejoint par les autres instruments du <em>big band<\/em>, symbolisant une circulation de plus en plus chaotique. Une fois tous les musiciens rentr\u00e9s, l\u2019orchestre s\u2019\u00e9quilibre sur un rythme de croisi\u00e8re laissant la place aux diff\u00e9rents solistes, tous aussi inspir\u00e9s. Le saxophoniste se taille la part du lion dans la deuxi\u00e8me partie en d\u00e9veloppant un long solo lui permettant d\u2019exprimer les diff\u00e9rentes facettes de son talent.<\/p>\n\n\n\n<p>Avec un d\u00e9marrage aussi tonitruant, on s\u2019attend \u00e0 un <em>big band<\/em> \u00e0 l\u2019univers un peu foutraque (\u00e0 la Flat Earth Society par exemple). Dommage, la suite du disque s\u2019av\u00e8re beaucoup plus classique et sage. \u00ab&nbsp;Tribute&nbsp;\u00bb, \u00ab&nbsp;Farewell&nbsp;\u00bb et \u00ab&nbsp;Leaving the Dock&nbsp;\u00bb s\u2019inspirent de la musique classique et du jazz <em>west coast <\/em>et restent tr\u00e8s acad\u00e9miques.<\/p>\n\n\n\n<p>On retrouve un peu la folie et l\u2019\u00e9clat du d\u00e9but dans le triptyque \u00ab&nbsp;Children\u2019s Day&nbsp;\u00bb qui conclue l\u2019album. Suivant le m\u00eame sch\u00e9ma que le morceau d\u2019ouverture, le leader laisse une place de choix aux diff\u00e9rents solistes lors de la premi\u00e8re partie, tout en se r\u00e9servant la derni\u00e8re partie lors de laquelle il nous d\u00e9montre encore une fois tout le brio dont il est capable.<\/p>\n\n\n\n<p>Rien que pour ses deux suites inspir\u00e9es, <em>Tributes<\/em> m\u00e9rite votre \u00e9coute. L\u2019entrain qui \u00e9mane de cette association entre le saxophoniste norv\u00e9gien et le Danish Radio Big Band est communicatif. Les solistes de cet ensemble se montrent superbement inspir\u00e9s tandis que la grande expressivit\u00e9 dont Marius Neset fait preuve sur son instrument illustre sans peine pourquoi celui-ci a \u00e9t\u00e9 choisi en 2016 par DownBeat magazine parmi 25 musiciens qui marqueront le jazz \u00e0 venir selon eux.<\/p>\n\n\n\n<figure class=\"wp-block-embed-youtube wp-block-embed is-type-video is-provider-youtube wp-embed-aspect-16-9 wp-has-aspect-ratio\"><div class=\"wp-block-embed__wrapper\">\n<iframe loading=\"lazy\" title=\"Marius Neset - Children&#039;s Day\" width=\"640\" height=\"360\" src=\"https:\/\/www.youtube.com\/embed\/NiJiJw_f73U?feature=oembed\" frameborder=\"0\" allow=\"accelerometer; autoplay; clipboard-write; encrypted-media; gyroscope; picture-in-picture\" allowfullscreen><\/iframe>\n<\/div><\/figure>\n","protected":false},"excerpt":{"rendered":"<p>Le saxophoniste a intitul\u00e9 son dernier album Tributes car il a choisi d\u2019y rendre hommage \u00e0 la ville de Copenhague qui  l\u2019a h\u00e9berg\u00e9 pendant 17 ann\u00e9es&#8230;<\/p>\n","protected":false},"author":55,"featured_media":22772,"comment_status":"closed","ping_status":"open","sticky":false,"template":"","format":"standard","meta":[],"categories":[2],"tags":[172,33],"acf":[],"_links":{"self":[{"href":"https:\/\/www.chromatique.net\/index.php\/wp-json\/wp\/v2\/posts\/22711"}],"collection":[{"href":"https:\/\/www.chromatique.net\/index.php\/wp-json\/wp\/v2\/posts"}],"about":[{"href":"https:\/\/www.chromatique.net\/index.php\/wp-json\/wp\/v2\/types\/post"}],"author":[{"embeddable":true,"href":"https:\/\/www.chromatique.net\/index.php\/wp-json\/wp\/v2\/users\/55"}],"replies":[{"embeddable":true,"href":"https:\/\/www.chromatique.net\/index.php\/wp-json\/wp\/v2\/comments?post=22711"}],"version-history":[{"count":10,"href":"https:\/\/www.chromatique.net\/index.php\/wp-json\/wp\/v2\/posts\/22711\/revisions"}],"predecessor-version":[{"id":23494,"href":"https:\/\/www.chromatique.net\/index.php\/wp-json\/wp\/v2\/posts\/22711\/revisions\/23494"}],"wp:featuredmedia":[{"embeddable":true,"href":"https:\/\/www.chromatique.net\/index.php\/wp-json\/wp\/v2\/media\/22772"}],"wp:attachment":[{"href":"https:\/\/www.chromatique.net\/index.php\/wp-json\/wp\/v2\/media?parent=22711"}],"wp:term":[{"taxonomy":"category","embeddable":true,"href":"https:\/\/www.chromatique.net\/index.php\/wp-json\/wp\/v2\/categories?post=22711"},{"taxonomy":"post_tag","embeddable":true,"href":"https:\/\/www.chromatique.net\/index.php\/wp-json\/wp\/v2\/tags?post=22711"}],"curies":[{"name":"wp","href":"https:\/\/api.w.org\/{rel}","templated":true}]}}