{"id":22334,"date":"2017-08-20T00:00:00","date_gmt":"2017-08-19T22:00:00","guid":{"rendered":"http:\/\/chromatique.net\/wp-content\/uploads\/2020\/04\/03281e1328a855c178d06e4930451a1c_XL.jpg"},"modified":"2017-08-20T00:00:00","modified_gmt":"2017-08-19T22:00:00","slug":"22334","status":"publish","type":"post","link":"https:\/\/www.chromatique.net\/index.php\/2017\/08\/20\/22334\/","title":{"rendered":"&#8211; Festival Crescendo"},"content":{"rendered":"\n<p><strong>S&rsquo;il est un festival iconique du rock progressif en France, c&rsquo;est bien Crescendo. Pour le sixi\u00e8me \u00e9pisode de notre dossier, nous revenons en France, sur la c\u00f4te atlantique et plus pr\u00e9cis\u00e9ment pr\u00e8s de Royan, dans la commune de Saint-Palais sur mer. C&rsquo;est l\u00e0 que se tient depuis 1999 un  festival gratuit qui accueille pendant trois jours des groupes venus de partout, dans un cadre magnifique, face \u00e0 l&rsquo;oc\u00e9an. L&rsquo;\u00e9quipe, qui a rencontr\u00e9 quelques difficult\u00e9s cette ann\u00e9e, a r\u00e9pondu \u00e0 nos questions et reste plus motiv\u00e9e que jamais pour faire vivre cette belle id\u00e9e qu&rsquo;est le Crescendo. <br \/><br \/> Quelles sont les origines du festival ? Qu&rsquo;est-ce qui a pr\u00e9sid\u00e9 \u00e0 sa cr\u00e9ation ?<\/strong><br \/> Bonjour, le festival Crescendo est n\u00e9 en 1999 d\u2019une id\u00e9e de S\u00e9bastien Monteaud et Jean-Claude Adelmand, les deux membres fondateurs qui sont toujours en activit\u00e9 dans l\u2019association.   S\u00e9bastien a mont\u00e9 un nouveau festival en Guyane et Jean-Claude \u00ab\u00a0JAc \u00a0\u00bb est le cr\u00e9ateur des visuels du festival. <br \/><br \/> <strong>Quelles sont les caract\u00e9ristiques principales de votre festival (implantation, nombre d&rsquo;\u00e9ditions \u00e0 ce jour, choix de programmation, fr\u00e9quentation\u2026) ?<\/strong><br \/> La sp\u00e9cificit\u00e9 du festival est sa gratuit\u00e9 et aussi son implantation en plein air au bord de l\u2019oc\u00e9an,  face \u00e0 la mer. L\u2019\u00e9dition 2017 est la 19\u00e8me, la programmation se fait en coll\u00e9gialit\u00e9 \u00e0 3 membres et les choix sont bas\u00e9s sur l\u2019\u00e9clectisme du prog&rsquo; et tous ses courants sont repr\u00e9sent\u00e9s. Une autre clause dans le choix est la convivialit\u00e9 et le partage, aussi bien avec le public qu\u2019avec les groupes et l\u2019\u00e9quipe. Nous voulons tous passer le meilleur moment possible. <br \/><br \/> <strong>Qui sont les acteurs-cl\u00e9s de votre festival (organisateurs, b\u00e9n\u00e9voles, collectivit\u00e9s,\u2026) ? Comment est-il financ\u00e9 (sponsors, subventions,&#8230;) ?<\/strong><br \/> L&rsquo;organisation du festival est confi\u00e9e \u00e0 un bureau ex\u00e9cutif de 4 membres, aid\u00e9 d&rsquo;un conseil d&rsquo;administration de 10, qui sera \u00e9largi \u00e0 13 au moment de la 19\u00e8me \u00e9dition. Tous sont b\u00e9n\u00e9voles comme la cinquantaine qui gravite autour d&rsquo;eux pour la mise en place et le fonctionnement de cette grande f\u00eate musicale\u2026 Tous ces b\u00e9n\u00e9voles sont le fer de lance et la cl\u00e9 de vo\u00fbte du festival qui, sans eux, ne pourrait exister. <br \/> Nos principaux soutiens institutionnels, sont, en premier lieu, la Mairie de St Palais puis l&rsquo;agglom\u00e9ration du Pays Royannais et le D\u00e9partement et la R\u00e9gion. Nous avons aussi quelques partenaires locaux qui contribuent au budget du festival.  Nous comptons aussi sur nos adh\u00e9rents pour boucler le financement mais l\u2019essentiel de nos recettes vient de la consommation sur place en restauration et buvette. En fait nous projetons d\u2019une ann\u00e9e sur l\u2019autre une estimation  pr\u00e9visionnelle de recette mais nous sommes tributaires de la m\u00e9t\u00e9o. <br \/><br \/> <strong>Le cas \u00e9ch\u00e9ant, quelles sont les principales difficult\u00e9s que vous rencontrez (ou avez rencontr\u00e9es) dans l&rsquo;organisation de votre festival ?<\/strong><br \/> Le plus compliqu\u00e9 est de mettre en place le puzzle de la programmation et les horaires de passage afin de ne pas programmer les m\u00eames styles dans la m\u00eame soir\u00e9e. Nous avons \u00e9t\u00e9 confront\u00e9s cette ann\u00e9e \u00e0 une probl\u00e9matique d\u2019h\u00e9bergement qui a conduit \u00e0 une \u00e9dition r\u00e9duite mais nous reprendrons les \u00e9ditions \u00e0 12 groupes et 3 soir\u00e9es \u00e0 partir de l\u2019an prochain. <br \/><br \/> <strong>Comment d\u00e9finiriez-vous votre public ? S&rsquo;agit-il de locaux, de gens de toute la France ? Des initi\u00e9s, des curieux ?<\/strong><br \/> L\u2019avantage d\u2019un festival prog&rsquo; gratuit dans une station baln\u00e9aire, qui plus est en p\u00e9riode estivale, c&rsquo;est l\u2019affluence de touristes. C\u2019est eux qui constituent la majeure partie de notre public. Un gros noyau de \u00ab\u00a0progueux \u00a0\u00bb est \u00e9galement pr\u00e9sent chaque ann\u00e9e pour se retrouver \u00ab\u00a0en famille \u00a0\u00bb. Ce <em>melting<\/em> pot entre initi\u00e9s et n\u00e9ophytes est des plus int\u00e9ressants. Les touristes viennent en famille pour retrouver des sonorit\u00e9s oubli\u00e9es et faire d\u00e9couvrir un univers musical \u00e0 leurs enfants voire petits-enfants. La proximit\u00e9 avec les artistes constitue \u00e9galement un \u00e9l\u00e9ment majeur dans la convivialit\u00e9 et la p\u00e9rennit\u00e9 du festival. <br \/><br \/> <strong>Dans le reportage diffus\u00e9 en 2016 sur la cha\u00eene franco-allemande Arte, l&rsquo;organisateur du Night of the Prog (le plus gros festival de rock progressif europ\u00e9en) avoue que son public est constitu\u00e9 principalement de quadrag\u00e9naires et de quinquag\u00e9naires, d&rsquo;un milieu plut\u00f4t ais\u00e9. Partagez-vous cette analyse concernant votre propre festival ? Quelle tranche d&rsquo;\u00e2ge y est la plus repr\u00e9sent\u00e9e ? Pensez-vous qu&rsquo;il existe un public plus jeune pour ce type de musique ?<\/strong><br \/> Compl\u00e8tement. On voit beaucoup de cheveux grisonnants pour ceux qui en ont encore ! Les quinquag\u00e9naires sont en majorit\u00e9 mais la gratuit\u00e9 du festival am\u00e8ne \u00e9galement un public plus jeune qui n\u2019a pas forc\u00e9ment les moyens d\u2019aller voir ces groupes en concert en salle. Les groupes pr\u00e9sents sont ravis d\u2019\u00e9largir leur public et de vendre \u00e9norm\u00e9ment de merchandising sur place. <br \/><br \/> <strong>Quel(s) a(ont) \u00e9t\u00e9 le(s) meilleur(s) moment(s) du festival depuis sa naissance ? Les groupes\/concerts qui vous ont marqu\u00e9s ?<\/strong><br \/> Impossible de dire quel concert ou quel moment a \u00e9t\u00e9 le meilleur. Chaque \u00e9dition \u00e9tant m\u00e9morable musicalement et humainement, mais je vais citer quelques groupes : Hawkwind qui n\u2019avait pas jou\u00e9 en France depuis plus de 20 ans, Djam Karet et Mavara, Karcius, Focus , Anglagard, Anekdoten, Haken, Gens de la Lune, Motis, Franck Carducci, M\u00f6rglbl, \u00c9clat et T\u00e9lescope Road, Baraka, The Enid, et pour terminer Trio of Hope, le groupe form\u00e9 par trois des Flower Kings pour un concert unique. La liste est tellement longue, mais nous n\u2019oublions personne car chaque groupe a  laiss\u00e9 une empreinte ind\u00e9l\u00e9bile dans les m\u00e9moires. <br \/> Crescendo est l&rsquo;un des rares festivals internationaux qui soit gratuit et propose une programmation de formations musicales parfois venues de tr\u00e8s loin. Ainsi, les festivaliers ont pu d\u00e9couvrir des musiciens japonais \u00e0 plusieurs reprises (KBB, Baraka, Yuka &amp; Chronoship), venus des Am\u00e9riques (P\u00e9rou avec Flor de Loto \u00e0 deux reprises, Mexique avec Cast &amp; Iconoclasta, eux aussi venus deux fois, Etats-Unis avec Djam Karet ou Holding Pattern, Canada avec Karcius, Hamadryad, Jellyfiche) et m\u00eame Asie mineure avec les Iraniens de Mavara. Seuls manquent encore au palmar\u00e8s \u00ab\u00a0crescendien \u00a0\u00bb des repr\u00e9sentants des continents africain et oc\u00e9anien mais \u00e7a ne saurait tarder. La logique budg\u00e9taire de proximit\u00e9 veut que l&rsquo;Europe soit la mieux repr\u00e9sent\u00e9e depuis l&rsquo;Espagne \u00e0 l&rsquo;Ouest (Kotebel, Harvest) \u00e0 l&rsquo;Ukraine \u00e0 l&rsquo;Est (Karfagen, Sunchild, Hoggwash) ou la Hongrie avec Special Providence (deux fois) &amp; After Crying en passant par nos gros \u00ab\u00a0fournisseurs \u00a0\u00bb que sont la Scandinavie au Nord (Angl\u00e4g\u00e4rd, Anekdoten, Arabs in Aspic, Beardfish, Crazy World, Five-Fifteen, Leprous, My brother the Wind, Pain of Salvation, White Willow, Wobbler ou l&rsquo;in\u00e9dit Roine Stolt Trio) &amp; l&rsquo;Italie au Sud (Electric Flag, Finisterre venu deux fois dont lors de la 1\u00e8re \u00e9dition inaugurale en 1999, Il Castello di Atlante, Psycho Praxis, Wicked Minds&#8230;) sans oublier le B\u00e9n\u00e9lux (Focus, Quantum Fantay, The Wrong Object), l&rsquo;Allemagne (Sylvan, 7 Steps to the Green Door, Karibow)  et le pays de naissance du Prog&rsquo; qu&rsquo;est le Royaume Uni (The Enid \u00e0 deux reprises, Haken, le mythique Hawkwind, Io Earth ou cet \u00e9t\u00e9 Karnataka). Les Fran\u00e7ais ne sont pas en reste et notamment les groupes embl\u00e9matiques du patrimoine historique des ann\u00e9es 70-80 (Ana\u00efd, Atoll, Clearlight, Gens de la Lune de l&rsquo;ex-Ange Francis D\u00e9camps), plus r\u00e9cents comme Franck Carducci ou le \u00ab\u00a0guitar-hero \u00a0\u00bb Pat O&rsquo;May (qui fusionne ses influences celtiques \u00e0 son hard-rock d&rsquo;origine), novateurs (Eclat, Lazuli, M\u00f6rglbl, Motis, Taal) et qui m\u00e9ritent un tremplin promotionnel comme ces formations r\u00e9gionales dont l&rsquo;une ouvre chaque \u00e9dition du festival. <br \/><br \/> <strong>La prochaine \u00e9dition de votre festival est-elle d\u00e9j\u00e0 planifi\u00e9e ? Des artistes sont-ils d&rsquo;ores et d\u00e9j\u00e0 \u00e0 l&rsquo;affiche ?<\/strong><br \/> L\u2019\u00e9dition 2017 est boucl\u00e9e avec Harvest, Pat O\u2019May, Karibow et Karnataka. L\u2019\u00e9dition des 20 ans est \u00e9galement pr\u00eate mais nous ne la d\u00e9voilerons qu\u2019\u00e0 l\u2019automne. <br \/><br \/> <strong>Comment voyez-vous l&rsquo;avenir de votre festival ? Avec optimisme\/pessimisme ?<\/strong><br \/> Nous avons connu un printemps mouvement\u00e9 et une nouvelle \u00e9quipe est venue compl\u00e9ter les anciens, donc c\u2019est avec un gros optimisme que nous envisageons les ann\u00e9es \u00e0 venir. <br \/><br \/> <strong>Selon vous, peut-il exister dans les pays francophones un grand festival de rock progressif, populaire, qui puisse attirer un public nombreux, \u00e0 l&rsquo;image du Night of The Prog en Allemagne ou du Be Prog ! My Friend en Espagne ?<\/strong><br \/> En France de nouveaux festivals commencent \u00e0 \u00e9merger mais l\u2019affluence n\u2019est pas toujours au rendez-vous malheureusement. La sph\u00e8re du public progressif est faible dans notre hexagone et l\u2019on voit les m\u00eames t\u00eates d\u2019un festival \u00e0 l\u2019autre c\u2019est dommage. <br \/> S&rsquo;il n&rsquo;\u00e9tait pas gratuit, il est certain que Crescendo aurait eu du mal \u00e0 survivre et qui sait s&rsquo;il existerait encore. Le Night of the Prog \u00e0 La Lorelei en Allemagne est le festival prog&rsquo; le plus c\u00e9l\u00e8bre et le plus fr\u00e9quent\u00e9 d&rsquo;Europe mais sa popularit\u00e9 et son succ\u00e8s restent modestes. Entre 3000 et 6000 spectateurs se pressent chaque ann\u00e9e sur trois jours pour y assister selon la programmation  propos\u00e9e. Les billets d&rsquo;entr\u00e9e (83\u20ac la journ\u00e9e, 158\u20ac le pass festival) sont r\u00e9serv\u00e9s aux m\u00e9lomanes ais\u00e9s et (ou) passionn\u00e9s. Avec ses 1000 \u00e0 2000 festivaliers pr\u00e9sents \u00e0 chaque journ\u00e9e, Crescendo n&rsquo;a pas \u00e0 souffrir de la comparaison d&rsquo;autant que certaines formations programm\u00e9es en Allemagne le sont \u00e9galement au festival (parfois la m\u00eame ann\u00e9e comme Karibow cet \u00e9t\u00e9).<br \/><br \/> <strong>Un dernier mot ?<\/strong><br \/> Rendez-vous au Conci\u00e9 et merci de votre soutien.<\/p>","protected":false},"excerpt":{"rendered":"<p>S&rsquo;il est un festival iconique du rock progressif en France, c&rsquo;est bien Crescendo. Pour le&#8230;<\/p>\n","protected":false},"author":14,"featured_media":22335,"comment_status":"closed","ping_status":"open","sticky":false,"template":"","format":"standard","meta":[],"categories":[6],"tags":[],"acf":[],"_links":{"self":[{"href":"https:\/\/www.chromatique.net\/index.php\/wp-json\/wp\/v2\/posts\/22334"}],"collection":[{"href":"https:\/\/www.chromatique.net\/index.php\/wp-json\/wp\/v2\/posts"}],"about":[{"href":"https:\/\/www.chromatique.net\/index.php\/wp-json\/wp\/v2\/types\/post"}],"author":[{"embeddable":true,"href":"https:\/\/www.chromatique.net\/index.php\/wp-json\/wp\/v2\/users\/14"}],"replies":[{"embeddable":true,"href":"https:\/\/www.chromatique.net\/index.php\/wp-json\/wp\/v2\/comments?post=22334"}],"version-history":[{"count":0,"href":"https:\/\/www.chromatique.net\/index.php\/wp-json\/wp\/v2\/posts\/22334\/revisions"}],"wp:featuredmedia":[{"embeddable":true,"href":"https:\/\/www.chromatique.net\/index.php\/wp-json\/wp\/v2\/media\/22335"}],"wp:attachment":[{"href":"https:\/\/www.chromatique.net\/index.php\/wp-json\/wp\/v2\/media?parent=22334"}],"wp:term":[{"taxonomy":"category","embeddable":true,"href":"https:\/\/www.chromatique.net\/index.php\/wp-json\/wp\/v2\/categories?post=22334"},{"taxonomy":"post_tag","embeddable":true,"href":"https:\/\/www.chromatique.net\/index.php\/wp-json\/wp\/v2\/tags?post=22334"}],"curies":[{"name":"wp","href":"https:\/\/api.w.org\/{rel}","templated":true}]}}