{"id":22286,"date":"2017-04-05T00:00:00","date_gmt":"2017-04-04T22:00:00","guid":{"rendered":"http:\/\/chromatique.net\/wp-content\/uploads\/2020\/04\/16214\/_F9B0877.jpg"},"modified":"2017-04-05T00:00:00","modified_gmt":"2017-04-04T22:00:00","slug":"22286","status":"publish","type":"post","link":"https:\/\/www.chromatique.net\/index.php\/2017\/04\/05\/22286\/","title":{"rendered":"&#8211; Festival Prog-R\u00e9siste"},"content":{"rendered":"\n<p><strong>Qui dit francophone dit Francophonie. Remontons donc \u00e0 pr\u00e9sent vers le nord et franchissons la fronti\u00e8re franco-belge pour nous arr\u00eater \u00e0 Soignies, o\u00f9 a lieu en ce mois d&rsquo;avril 2017 le festival Prog-R\u00e9siste, avatar <em>live<\/em> du magazine du m\u00eame nom dont le <a href=\"http:\/\/progresiste.com\/issue.php?num=87\" target=\"\u201d_blank\u201d\">87\u00e8me num\u00e9ro<\/a> vient de para\u00eetre. N\u00e9e au d\u00e9but des ann\u00e9es 2000, ce qui fut un temps appel\u00e9 Convention Prog-R\u00e9siste a connu quelques \u00e9volutions ces derni\u00e8res ann\u00e9es. Bernard Vincken s&rsquo;est pli\u00e9 avec gr\u00e2ce au jeu des questions. <br \/><br \/> Quelles sont les origines du festival ? Qu&rsquo;est-ce qui a pr\u00e9sid\u00e9 \u00e0 sa cr\u00e9ation ?<\/strong><br \/> Prog-r\u00e9siste publie depuis 1995 le magazine du m\u00eame nom. Afin d\u2019accro\u00eetre son implication dans la cr\u00e9ation et la diffusion des musiques progressives, l\u2019\u00e9quipe de Prog-r\u00e9siste et la salle de concert Spirit of 66 \u00e0 Verviers cr\u00e9e en 2001 la Convention Prog-r\u00e9siste. Apr\u00e8s onze \u00e9ditions, une certaine lassitude et un an d\u2019arr\u00eat, le Festival se transporte \u00e0 Soignies (Belgique), avec de nouveaux partenaires et un concept renouvel\u00e9.<br \/><br \/> <strong>Quelles sont les caract\u00e9ristiques principales de votre festival (implantation, nombre d&rsquo;\u00e9ditions \u00e0 ce jour, choix de programmation, fr\u00e9quentation\u2026) ?<\/strong><br \/> En 2013, le Festival s\u2019installe \u00e0 Soignies, plus proche de la France et facilement accessible, et \u00e9largit ses ambitions avec comme objectifs d\u2019informer, de favoriser les rencontres, d\u2019amener les participants \u00e0 vivre une exp\u00e9rience et d\u2019ancrer durablement cette relation. Pour cela, outre les concerts, nous organisons aussi des interviews, conf\u00e9rences et \u00e9v\u00e9nements, une exposition et des stands sp\u00e9cialis\u00e9s favorisent les rencontres et \u00e9changes.<br \/> La programmation privil\u00e9gie un mix entre valeurs s\u00fbres et d\u00e9couvertes, ainsi qu\u2019entre les diff\u00e9rents courants du rock progressif. <br \/> L\u2019audience vis\u00e9e est celle des amateurs de musiques progressives : connaisseurs contemporains de l\u2019\u00e9mergence du rock progressif, public jeune int\u00e9ress\u00e9 par une des sources d\u2019influence majeures des musiques actuelles, curieux friands de d\u00e9couvertes et d\u2019\u00e9largissement de leur \u00e9ducation musicale.<br \/><br \/> <strong>Qui sont les acteurs-cl\u00e9s de votre festival ? Comment est-il financ\u00e9 ? <\/strong><br \/> Le Festival est port\u00e9 par quatre partenaires. Outre l\u2019ASBL Prog-r\u00e9siste, l\u2019ASBL Alter Ego organise depuis 2004 des \u00e9v\u00e9nements culturels (F\u00eate de la Musique, Festival Incognito\u2026), soutient les artistes et met sur pied stages et ateliers \u00e9ducatifs. Le Centre Culturel de Soignies d\u00e9veloppe depuis 2003 un programme de diffusion et d&rsquo;action culturelle dans le centre historique de Soignies. Il favorise en parall\u00e8le un travail de d\u00e9centralisation culturelle dans les villages, en collaboration avec des associations-relais et vise la participation active des publics. Enfin, le Centre Culturel R\u00e9gional du Centre promeut, depuis 1978, arts de la sc\u00e8ne, musiques, arts plastiques, cin\u00e9ma, information, ateliers et stages cr\u00e9atifs. Les Centres Culturels mettent des moyens, notamment logistiques et techniques, \u00e0 disposition, tandis que les b\u00e9n\u00e9voles des associations travaillent \u00e0 la programmation, la communication, l\u2019organisation, la restauration\u2026<br \/> Hormis un sponsoring priv\u00e9 limit\u00e9, les moyens financiers du Festival proviennent essentiellement de la vente des entr\u00e9es et du bar \/ restauration.<br \/><br \/> <strong>Quelles sont les principales difficult\u00e9s que vous rencontrez (ou avez rencontr\u00e9es) dans l\u2019organisation de votre festival ? <\/strong><br \/> La limite des moyens financiers et du b\u00e9n\u00e9volat : chacun a son travail, sa famille\u2026mais aussi beaucoup de motivation et de passion. <br \/><br \/> <strong>Comment d\u00e9finiriez-vous votre public ? S&rsquo;agit-il de locaux, de gens de toute la France ? Des initi\u00e9s, des curieux ? <\/strong><br \/> Il peut varier en fonction de l\u2019affiche bien s\u00fbr, mais le public est traditionnellement fid\u00e8le et connaisseur. Les pays les plus repr\u00e9sent\u00e9s sont la Belgique et la France (les Hauts de France, l\u2019\u00cele de France, la Lorraine, en particulier), mais certains viennent des Pays-Bas, d\u2019Allemagne, d\u2019Italie, du Luxembourg, d\u2019Angleterre ou de contr\u00e9es parfois plus \u00ab exotiques \u00bb (Scandinavie, Canada, Japon\u2026). Depuis l\u2019installation du Festival \u00e0 Soignies et le renouvellement du concept, un participant sur quatre d\u00e9couvre le Festival chaque ann\u00e9e. <br \/><br \/> <strong>Dans le reportage diffus\u00e9 l&rsquo;ann\u00e9e derni\u00e8re sur Arte, l&rsquo;organisateur du Night of the Prog avoue que son public est constitu\u00e9 principalement de quadrag\u00e9naires et de quinquag\u00e9naires, d&rsquo;un milieu plut\u00f4t ais\u00e9. Partagez-vous cette analyse concernant votre propre festival ? Quelle tranche d&rsquo;\u00e2ge y est la plus repr\u00e9sent\u00e9e ? Pensez-vous qu&rsquo;il existe un public plus jeune pour ce type de musique ?<\/strong><br \/> Parmi le public fid\u00e8le, la moyenne d\u2019\u00e2ge est plus \u00e9lev\u00e9e : normal puisqu\u2019il s\u2019agit de participants qui ont d\u00e9couvert et appr\u00e9ci\u00e9 tr\u00e8s t\u00f4t le rock progressif. Toutefois, nous constatons aussi un rajeunissement du public : des jeunes amen\u00e9s par le public connaisseur, d\u2019autres attir\u00e9s par l\u2019int\u00e9gration d\u2019\u00e9l\u00e9ments de Progressif dans la musique de groupes actuels (The Mars Volta, Radiohead\u2026), d\u2019autres encore qui ne connaissent pas les racines du progressif mais aiment des groupes actuels s\u2019en inspirant directement (Moaning Cities, Seven Impale\u2026). <br \/><br \/> <strong>Quel(s) a(ont) \u00e9t\u00e9 le(s) meilleur(s) moment(s) du festival depuis sa naissance ? Les groupes\/concerts qui vous ont marqu\u00e9s ?<\/strong><br \/> Il y en a beaucoup. Pour n\u2019en citer que quelques-uns : le concert de The Gentle Storm en 2015, projet auquel nous avons fait confiance avant m\u00eame d\u2019en entendre la moindre note ; Lazuli en 2014 qui a litt\u00e9ralement d\u00e9mont\u00e9 la salle ; le Floyd Chamber Concerto en 2016, concerto en hommage \u00e0 Pink Floyd, pour orchestre acoustique avec guitare \u00e9lectrique et lap steel ; Sinkadus en 2015, renaissant de ses cendres\u2026<br \/> Mais aussi : l\u2019interview d\u2019Arena, d\u00e9vorant le g\u00e2teau \u00e0 l\u2019occasion de l\u2019anniversaire commun (le groupe et les associations) ; le d\u00e9bat avec les organisateurs du premier concert de Genesis en dehors d\u2019Angleterre en 1971 et l\u2019exposition qui y \u00e9tait consacr\u00e9e, \u00e0 la Ferme V de Bruxelles ; l\u2019exploration, avec Aymeric Leroy, du Canterbury, l\u2019analyse fouill\u00e9e, par Philippe Gonin, de l\u2019album fondateur Rock Bottom de Robert Wyatt\u2026 <br \/><br \/> <strong>La prochaine \u00e9dition de votre festival est-elle d\u00e9j\u00e0 planifi\u00e9e ? Des artistes sont-ils d&rsquo;ores et d\u00e9j\u00e0 \u00e0 l&rsquo;affiche ? <\/strong><br \/> Oui, bien s\u00fbr, on planifie plus d\u2019un an \u00e0 l\u2019avance. Et l\u2019affiche est compl\u00e8te : Gong (UK), Focus (NL), Richard Pinhas (FR), IO Earth (UK) en sont les principaux protagonistes. (Et pour la suite, allez voir sur www.festivalprogresiste.com). <br \/><br \/> <strong>Comment voyez-vous l&rsquo;avenir de votre festival ? Avec optimisme\/pessimisme ?<\/strong><br \/> Chaque \u00e9dition est un nouveau challenge o\u00f9 il s\u2019agit de jongler avec une programmation, des contraintes financi\u00e8res, organisationnelles, la concr\u00e9tisation de nouvelles id\u00e9es et envies. Et le mot-cl\u00e9, c\u2019est cela : l\u2019envie, l\u2019envie de partager et d\u00e9couvrir ces musiques qu\u2019on aime. <br \/><br \/> <strong>Selon vous, peut-il exister dans les pays francophones un grand festival de rock progressif, populaire, qui puisse attirer un public nombreux, \u00e0 l&rsquo;image du Night of The Prog en Allemagne ou du Be Prog! My Friend en Espagne ? <\/strong><br \/> D\u2019une certaine fa\u00e7on, c\u2019est sans doute ce que chacun essaie de faire.<br \/><br \/> <strong>Un dernier mot ?<\/strong><br \/> Venez et incitez vos connaissances \u00e0 venir d\u00e9couvrir avec vous, \u00e0 partager votre plaisir. La musique live, c\u2019est le flux vital de la musique ! <br \/><br \/><\/p>\n<figure class=\"wp-block-gallery columns-3 is-cropped\"><ul class=\"blocks-gallery-grid\"><li class=\"blocks-gallery-item\"><figure><img src=\"http:\/\/chromatique.net\/wp-content\/uploads\/2020\/04\/16214\/IMG_8832.jpg\" alt=\"\" data-id=\"22288\" data-full-url=\"http:\/\/chromatique.net\/wp-content\/uploads\/2020\/04\/16214\/IMG_8832.jpg\" data-link=\"http:\/\/www.chromatique.net\/?attachment_id=22288\" class=\"wp-image-22288\"\/><\/figure><\/li><li class=\"blocks-gallery-item\"><figure><img src=\"http:\/\/chromatique.net\/wp-content\/uploads\/2020\/04\/16214\/DSC09323.jpg\" alt=\"\" data-id=\"22289\" data-full-url=\"http:\/\/chromatique.net\/wp-content\/uploads\/2020\/04\/16214\/DSC09323.jpg\" data-link=\"http:\/\/www.chromatique.net\/?attachment_id=22289\" class=\"wp-image-22289\"\/><\/figure><\/li><li class=\"blocks-gallery-item\"><figure><img src=\"http:\/\/chromatique.net\/wp-content\/uploads\/2020\/04\/16214\/_F9B0830.jpg\" alt=\"\" data-id=\"22290\" data-full-url=\"http:\/\/chromatique.net\/wp-content\/uploads\/2020\/04\/16214\/_F9B0830.jpg\" data-link=\"http:\/\/www.chromatique.net\/?attachment_id=22290\" class=\"wp-image-22290\"\/><\/figure><\/li><li class=\"blocks-gallery-item\"><figure><img src=\"http:\/\/chromatique.net\/wp-content\/uploads\/2020\/04\/16214\/DSC00867.jpg\" alt=\"\" data-id=\"22291\" data-full-url=\"http:\/\/chromatique.net\/wp-content\/uploads\/2020\/04\/16214\/DSC00867.jpg\" data-link=\"http:\/\/www.chromatique.net\/?attachment_id=22291\" class=\"wp-image-22291\"\/><\/figure><\/li><li class=\"blocks-gallery-item\"><figure><img src=\"http:\/\/chromatique.net\/wp-content\/uploads\/2020\/04\/16214\/DSC02444.jpg\" alt=\"\" data-id=\"22292\" data-full-url=\"http:\/\/chromatique.net\/wp-content\/uploads\/2020\/04\/16214\/DSC02444.jpg\" data-link=\"http:\/\/www.chromatique.net\/?attachment_id=22292\" class=\"wp-image-22292\"\/><\/figure><\/li><li class=\"blocks-gallery-item\"><figure><img src=\"http:\/\/chromatique.net\/wp-content\/uploads\/2020\/04\/16214\/DSC00784.jpg\" alt=\"\" data-id=\"22293\" data-full-url=\"http:\/\/chromatique.net\/wp-content\/uploads\/2020\/04\/16214\/DSC00784.jpg\" data-link=\"http:\/\/www.chromatique.net\/?attachment_id=22293\" class=\"wp-image-22293\"\/><\/figure><\/li><li class=\"blocks-gallery-item\"><figure><img src=\"http:\/\/chromatique.net\/wp-content\/uploads\/2020\/04\/16214\/IMG_8511.jpg\" alt=\"\" data-id=\"22294\" data-full-url=\"http:\/\/chromatique.net\/wp-content\/uploads\/2020\/04\/16214\/IMG_8511.jpg\" data-link=\"http:\/\/www.chromatique.net\/?attachment_id=22294\" class=\"wp-image-22294\"\/><\/figure><\/li><li class=\"blocks-gallery-item\"><figure><img src=\"http:\/\/chromatique.net\/wp-content\/uploads\/2020\/04\/16214\/_DSC0019.jpg\" alt=\"\" data-id=\"22295\" data-full-url=\"http:\/\/chromatique.net\/wp-content\/uploads\/2020\/04\/16214\/_DSC0019.jpg\" data-link=\"http:\/\/www.chromatique.net\/?attachment_id=22295\" class=\"wp-image-22295\"\/><\/figure><\/li><li class=\"blocks-gallery-item\"><figure><img src=\"http:\/\/chromatique.net\/wp-content\/uploads\/2020\/04\/16214\/DSC02551.jpg\" alt=\"\" data-id=\"22296\" data-full-url=\"http:\/\/chromatique.net\/wp-content\/uploads\/2020\/04\/16214\/DSC02551.jpg\" data-link=\"http:\/\/www.chromatique.net\/?attachment_id=22296\" class=\"wp-image-22296\"\/><\/figure><\/li><li class=\"blocks-gallery-item\"><figure><img src=\"http:\/\/chromatique.net\/wp-content\/uploads\/2020\/04\/16214\/IMG_8499.jpg\" alt=\"\" data-id=\"22297\" data-full-url=\"http:\/\/chromatique.net\/wp-content\/uploads\/2020\/04\/16214\/IMG_8499.jpg\" data-link=\"http:\/\/www.chromatique.net\/?attachment_id=22297\" class=\"wp-image-22297\"\/><\/figure><\/li><li class=\"blocks-gallery-item\"><figure><img src=\"http:\/\/chromatique.net\/wp-content\/uploads\/2020\/04\/16214\/DSC_2236 _ Small.jpg\" alt=\"\" data-id=\"22298\" data-full-url=\"http:\/\/chromatique.net\/wp-content\/uploads\/2020\/04\/16214\/DSC_2236 _ Small.jpg\" data-link=\"http:\/\/www.chromatique.net\/?attachment_id=22298\" class=\"wp-image-22298\"\/><\/figure><\/li><li class=\"blocks-gallery-item\"><figure><img src=\"http:\/\/chromatique.net\/wp-content\/uploads\/2020\/04\/16214\/DSC02424.jpg\" alt=\"\" data-id=\"22299\" data-full-url=\"http:\/\/chromatique.net\/wp-content\/uploads\/2020\/04\/16214\/DSC02424.jpg\" data-link=\"http:\/\/www.chromatique.net\/?attachment_id=22299\" class=\"wp-image-22299\"\/><\/figure><\/li><li class=\"blocks-gallery-item\"><figure><img src=\"http:\/\/chromatique.net\/wp-content\/uploads\/2020\/04\/16214\/DSC00764.jpg\" alt=\"\" data-id=\"22300\" data-full-url=\"http:\/\/chromatique.net\/wp-content\/uploads\/2020\/04\/16214\/DSC00764.jpg\" data-link=\"http:\/\/www.chromatique.net\/?attachment_id=22300\" class=\"wp-image-22300\"\/><\/figure><\/li><li class=\"blocks-gallery-item\"><figure><img src=\"http:\/\/chromatique.net\/wp-content\/uploads\/2020\/04\/16214\/DSC_2300 _ Small.jpg\" alt=\"\" data-id=\"22301\" data-full-url=\"http:\/\/chromatique.net\/wp-content\/uploads\/2020\/04\/16214\/DSC_2300 _ Small.jpg\" data-link=\"http:\/\/www.chromatique.net\/?attachment_id=22301\" class=\"wp-image-22301\"\/><\/figure><\/li><li class=\"blocks-gallery-item\"><figure><img src=\"http:\/\/chromatique.net\/wp-content\/uploads\/2020\/04\/16214\/DSC_2403 _ Small.jpg\" alt=\"\" data-id=\"22302\" data-full-url=\"http:\/\/chromatique.net\/wp-content\/uploads\/2020\/04\/16214\/DSC_2403 _ Small.jpg\" data-link=\"http:\/\/www.chromatique.net\/?attachment_id=22302\" class=\"wp-image-22302\"\/><\/figure><\/li><li class=\"blocks-gallery-item\"><figure><img src=\"http:\/\/chromatique.net\/wp-content\/uploads\/2020\/04\/16214\/DSC00653.jpg\" alt=\"\" data-id=\"22303\" data-full-url=\"http:\/\/chromatique.net\/wp-content\/uploads\/2020\/04\/16214\/DSC00653.jpg\" data-link=\"http:\/\/www.chromatique.net\/?attachment_id=22303\" class=\"wp-image-22303\"\/><\/figure><\/li><li class=\"blocks-gallery-item\"><figure><img src=\"http:\/\/chromatique.net\/wp-content\/uploads\/2020\/04\/16214\/IMG_8773.jpg\" alt=\"\" data-id=\"22304\" data-full-url=\"http:\/\/chromatique.net\/wp-content\/uploads\/2020\/04\/16214\/IMG_8773.jpg\" data-link=\"http:\/\/www.chromatique.net\/?attachment_id=22304\" class=\"wp-image-22304\"\/><\/figure><\/li><li class=\"blocks-gallery-item\"><figure><img src=\"http:\/\/chromatique.net\/wp-content\/uploads\/2020\/04\/16214\/DSC02536.jpg\" alt=\"\" data-id=\"22305\" data-full-url=\"http:\/\/chromatique.net\/wp-content\/uploads\/2020\/04\/16214\/DSC02536.jpg\" data-link=\"http:\/\/www.chromatique.net\/?attachment_id=22305\" class=\"wp-image-22305\"\/><\/figure><\/li><li class=\"blocks-gallery-item\"><figure><img src=\"http:\/\/chromatique.net\/wp-content\/uploads\/2020\/04\/16214\/DSC00837.jpg\" alt=\"\" data-id=\"22306\" data-full-url=\"http:\/\/chromatique.net\/wp-content\/uploads\/2020\/04\/16214\/DSC00837.jpg\" data-link=\"http:\/\/www.chromatique.net\/?attachment_id=22306\" class=\"wp-image-22306\"\/><\/figure><\/li><li class=\"blocks-gallery-item\"><figure><img src=\"http:\/\/chromatique.net\/wp-content\/uploads\/2020\/04\/16214\/DSC08965.jpg\" alt=\"\" data-id=\"22307\" data-full-url=\"http:\/\/chromatique.net\/wp-content\/uploads\/2020\/04\/16214\/DSC08965.jpg\" data-link=\"http:\/\/www.chromatique.net\/?attachment_id=22307\" class=\"wp-image-22307\"\/><\/figure><\/li><li class=\"blocks-gallery-item\"><figure><img src=\"http:\/\/chromatique.net\/wp-content\/uploads\/2020\/04\/16214\/DSC09292.jpg\" alt=\"\" data-id=\"22308\" data-full-url=\"http:\/\/chromatique.net\/wp-content\/uploads\/2020\/04\/16214\/DSC09292.jpg\" data-link=\"http:\/\/www.chromatique.net\/?attachment_id=22308\" class=\"wp-image-22308\"\/><\/figure><\/li><li class=\"blocks-gallery-item\"><figure><img src=\"http:\/\/chromatique.net\/wp-content\/uploads\/2020\/04\/16214\/DSC09133.jpg\" alt=\"\" data-id=\"22309\" data-full-url=\"http:\/\/chromatique.net\/wp-content\/uploads\/2020\/04\/16214\/DSC09133.jpg\" data-link=\"http:\/\/www.chromatique.net\/?attachment_id=22309\" class=\"wp-image-22309\"\/><\/figure><\/li><li class=\"blocks-gallery-item\"><figure><img src=\"http:\/\/chromatique.net\/wp-content\/uploads\/2020\/04\/16214\/DSC02599.jpg\" alt=\"\" data-id=\"22310\" data-full-url=\"http:\/\/chromatique.net\/wp-content\/uploads\/2020\/04\/16214\/DSC02599.jpg\" data-link=\"http:\/\/www.chromatique.net\/?attachment_id=22310\" class=\"wp-image-22310\"\/><\/figure><\/li><li class=\"blocks-gallery-item\"><figure><img src=\"http:\/\/chromatique.net\/wp-content\/uploads\/2020\/04\/16214\/IMG_8843.jpg\" alt=\"\" data-id=\"22311\" data-full-url=\"http:\/\/chromatique.net\/wp-content\/uploads\/2020\/04\/16214\/IMG_8843.jpg\" data-link=\"http:\/\/www.chromatique.net\/?attachment_id=22311\" class=\"wp-image-22311\"\/><\/figure><\/li><li class=\"blocks-gallery-item\"><figure><img src=\"http:\/\/chromatique.net\/wp-content\/uploads\/2020\/04\/16214\/MG_1466_Foto_Guntram-Walter.jpg\" alt=\"\" data-id=\"22312\" data-full-url=\"http:\/\/chromatique.net\/wp-content\/uploads\/2020\/04\/16214\/MG_1466_Foto_Guntram-Walter.jpg\" data-link=\"http:\/\/www.chromatique.net\/?attachment_id=22312\" class=\"wp-image-22312\"\/><\/figure><\/li><li class=\"blocks-gallery-item\"><figure><img src=\"http:\/\/chromatique.net\/wp-content\/uploads\/2020\/04\/16214\/DSC_4328.jpg\" alt=\"\" data-id=\"22313\" data-full-url=\"http:\/\/chromatique.net\/wp-content\/uploads\/2020\/04\/16214\/DSC_4328.jpg\" data-link=\"http:\/\/www.chromatique.net\/?attachment_id=22313\" class=\"wp-image-22313\"\/><\/figure><\/li><li class=\"blocks-gallery-item\"><figure><img src=\"http:\/\/chromatique.net\/wp-content\/uploads\/2020\/04\/16214\/DSC02512.jpg\" alt=\"\" data-id=\"22314\" data-full-url=\"http:\/\/chromatique.net\/wp-content\/uploads\/2020\/04\/16214\/DSC02512.jpg\" data-link=\"http:\/\/www.chromatique.net\/?attachment_id=22314\" class=\"wp-image-22314\"\/><\/figure><\/li><li class=\"blocks-gallery-item\"><figure><img src=\"http:\/\/chromatique.net\/wp-content\/uploads\/2020\/04\/16214\/DSC00772.jpg\" alt=\"\" data-id=\"22315\" data-full-url=\"http:\/\/chromatique.net\/wp-content\/uploads\/2020\/04\/16214\/DSC00772.jpg\" data-link=\"http:\/\/www.chromatique.net\/?attachment_id=22315\" class=\"wp-image-22315\"\/><\/figure><\/li><li class=\"blocks-gallery-item\"><figure><img src=\"http:\/\/chromatique.net\/wp-content\/uploads\/2020\/04\/16214\/IMG_8518.jpg\" alt=\"\" data-id=\"22316\" data-full-url=\"http:\/\/chromatique.net\/wp-content\/uploads\/2020\/04\/16214\/IMG_8518.jpg\" data-link=\"http:\/\/www.chromatique.net\/?attachment_id=22316\" class=\"wp-image-22316\"\/><\/figure><\/li><li class=\"blocks-gallery-item\"><figure><img src=\"http:\/\/chromatique.net\/wp-content\/uploads\/2020\/04\/16214\/_F9B0877.jpg\" alt=\"\" data-id=\"22317\" data-full-url=\"http:\/\/chromatique.net\/wp-content\/uploads\/2020\/04\/16214\/_F9B0877.jpg\" data-link=\"http:\/\/www.chromatique.net\/?attachment_id=22317\" class=\"wp-image-22317\"\/><\/figure><\/li><\/figure><\/ul>","protected":false},"excerpt":{"rendered":"","protected":false},"author":14,"featured_media":22287,"comment_status":"closed","ping_status":"open","sticky":false,"template":"","format":"standard","meta":[],"categories":[6],"tags":[],"acf":[],"_links":{"self":[{"href":"https:\/\/www.chromatique.net\/index.php\/wp-json\/wp\/v2\/posts\/22286"}],"collection":[{"href":"https:\/\/www.chromatique.net\/index.php\/wp-json\/wp\/v2\/posts"}],"about":[{"href":"https:\/\/www.chromatique.net\/index.php\/wp-json\/wp\/v2\/types\/post"}],"author":[{"embeddable":true,"href":"https:\/\/www.chromatique.net\/index.php\/wp-json\/wp\/v2\/users\/14"}],"replies":[{"embeddable":true,"href":"https:\/\/www.chromatique.net\/index.php\/wp-json\/wp\/v2\/comments?post=22286"}],"version-history":[{"count":0,"href":"https:\/\/www.chromatique.net\/index.php\/wp-json\/wp\/v2\/posts\/22286\/revisions"}],"wp:featuredmedia":[{"embeddable":true,"href":"https:\/\/www.chromatique.net\/index.php\/wp-json\/wp\/v2\/media\/22287"}],"wp:attachment":[{"href":"https:\/\/www.chromatique.net\/index.php\/wp-json\/wp\/v2\/media?parent=22286"}],"wp:term":[{"taxonomy":"category","embeddable":true,"href":"https:\/\/www.chromatique.net\/index.php\/wp-json\/wp\/v2\/categories?post=22286"},{"taxonomy":"post_tag","embeddable":true,"href":"https:\/\/www.chromatique.net\/index.php\/wp-json\/wp\/v2\/tags?post=22286"}],"curies":[{"name":"wp","href":"https:\/\/api.w.org\/{rel}","templated":true}]}}