{"id":22017,"date":"2007-12-15T00:00:00","date_gmt":"2007-12-14T23:00:00","guid":{"rendered":"http:\/\/chromatique.net\/wp-content\/uploads\/2020\/04\/b8564f467bc56954291d9317cc51bd1a_XL.jpg"},"modified":"2007-12-15T00:00:00","modified_gmt":"2007-12-14T22:00:00","slug":"22017","status":"publish","type":"post","link":"https:\/\/www.chromatique.net\/index.php\/2007\/12\/15\/22017\/","title":{"rendered":"&#8211; Acteurs de l&rsquo;Ombre"},"content":{"rendered":"<table width=\"100%\" border=\"0\" cellspacing=\"0\" cellpadding=\"0\">\n<tr>\n<td class=\"tablecentre\">\n<h1>FESTIVAL : ACTEURS DE L&rsquo;OMBRE<\/h1>\n<table width=\"100%\" border=\"0\" cellspacing=\"0\" cellpadding=\"0\">\n<tr>\n<td width=\"50%\" valign=\"top\"><img loading=\"lazy\" alt=\"\" src=\"\/images\/contenu\/articles\/old\/live_lacpla07_main.jpg\" width=\"220\" height=\"150\" border=\"1\"><\/td>\n<td width=\"3%\" valign=\"top\">&nbsp;<\/td>\n<td width=\"47%\" valign=\"top\" class=\"maintext\">              <b>Artistes :<\/b> Ad Vitam Aeternam\/Lac Placide <b>Lieu :<\/b> Paris, Le Klub (14 rue Saint Denis) <b>Date :<\/b> 11 novembre 2007<br \/> <b>Photos :<\/b> <a href=\"http:\/\/photos.musicales.free.fr\" target=\"_blank\">Fabrice Journo<\/a>                    <\/span>            <\/td>\n<\/tr>\n<\/table>\n<p align=\"justify\" class=\"dateconcert\">  <b>\u00ab&nbsp;Les Acteurs de l\u2019Ombre&nbsp;\u00bb, est une association originaire d\u2019Aix-en-Provence qui cherche avec une fougue, une foi et une d\u00e9termination qui frisent le respect \u00e0 mettre sur la sc\u00e8ne les oubli\u00e9s du metal, les petits groupes, ceux que personne n\u2019ira entendre sur les m\u00e9dias officiels. Cette poign\u00e9e de passionn\u00e9s organise deux fois par mois un mini-festival au Klub, petite salle parisienne rappelant aux plus jeunes trentenaires les r\u00e9p\u00e9titions dans le garage du paternel. Quatre ou cinq groupes sont g\u00e9n\u00e9ralement invit\u00e9s, allant du metal le plus \u00e9chevelant au death le plus cataplectique\u2026 Parfois le progressif s\u2019invite et c\u2019est sur les deux derniers moments de ce concert patriotique sentant la poudre et le bleuet que nous allons insister\u2026<\/b><\/p>\n<p>  Une centaine de places vendues : ici, le cheveu long est pr\u00e9sent au kilom\u00e8tre, beaucoup d\u2019amateurs se connaissent et tous savent qu\u2019au Klub, un dimanche sur deux, ils iront \u00e0 la rencontre de la musique qui les passionne. Une ambiance tranquille, sympathique, et malgr\u00e9 un son qui parfois subissait quelques couacs, l\u2019enthousiasme g\u00e9n\u00e9ral fut au rendez-vous. <\/p>\n<p>  Ad Vitam Aeternam fut l\u2019avant dernier groupe, arrivant \u00e0 l\u2019\u00e9picentre d\u2019un concert o\u00f9 le public \u00e9tait d\u00e9j\u00e0 bien \u00e9chauff\u00e9 par trois sets tr\u00e8s death metal (Funeral Dawn, F\u00e4eryhell, Krepuskule), sur lequel votre serviteur, ne reculant certes devant aucun sacrifice en temps ordinaire, aurait bien du mal \u00e0 s\u2019appesantir tant cette musique si \u00e9nergique est \u00e9loign\u00e9e de son univers\u2026 Parlons plut\u00f4t prog quelques minutes, il \u00e9tait de toute fa\u00e7on l\u00e0 pour \u00e7a. <\/p>\n<p>  <img loading=\"lazy\" alt=\"\" src=\"\/images\/contenu\/articles\/old\/live_lacpla07_2.jpg\" width=\"190\" height=\"127\" align=\"right\" border=\"1\">Les deux chanteuses d\u2019Ad Vitam Aeternam gagnent \u00e0 \u00eatre connues. Elles venaient apporter un peu d\u2019emphase et de douceur en ponctuant, f\u00e9es lumineuses \u00e0 la cuirasse m\u00e9tallique, quelques morceaux dynamiques jou\u00e9s par des artistes empathiques, n\u2019h\u00e9sitant pas \u00e0 se regarder et \u00e0 se sourire en prenant un \u00e9vident plaisir \u00e0 interpr\u00e9ter leur musique. Les deux voix, puissantes et justes, \u00e9taient en constante harmonie et les autres membres du groupe n\u2019h\u00e9sitaient pas \u00e0 leur laisser le champ libre, en mettant en valeur ces joyaux et en leur servant d\u2019\u00e9crin plus qu\u2019honorable. Ad Vitam Aeternam propose une musique vigoureuse, aux tonalit\u00e9s m\u00e9di\u00e9vales et introspectives, avec de v\u00e9ritables m\u00e9lodies, avec style, le tout entrem\u00eal\u00e9 d\u2019ambiances gothiques un peu dat\u00e9es mais qui ont ravi les nostalgiques venus en nombre ce soir-l\u00e0 pour ce petit voyage dans le temps de leur adolescence\u2026 Inutile de dire qu\u2019ils furent combl\u00e9s. Tout cela \u00e9tait ponctu\u00e9 de guitares ma\u00eetris\u00e9es, de <i>samples<\/i> bien install\u00e9s\u2026 La premi\u00e8re image venant \u00e0 l\u2019esprit serait celle-ci : Mostly Autumn avec un peu plus de testost\u00e9rone. Disons pour faire simple que la gr\u00e2ce, toujours pr\u00e9sente, n\u2019a jamais c\u00e9d\u00e9 le pas aux muscles et \u00e0 la vigueur. Ad Vitam Aeternam n\u2019ennuie pas, les morceaux sont construits, d\u00e9velopp\u00e9s. Une bien belle surprise qui annon\u00e7ait tranquillement la fin d\u2019un bon petit \u00ab&nbsp;festival&nbsp;\u00bb, incarn\u00e9e par les Parisiens de Lac Placide et leur nouvelle chanteuse, l\u2019Apicultrice. <\/p>\n<p>  La soir\u00e9e \u00e9tait donc \u00e0 la f\u00e9minit\u00e9 et \u00e0 la gr\u00e2ce, ce qui n\u2019a pas emp\u00each\u00e9 l\u2019ensemble des concerts d\u2019\u00eatre d\u2019un vigoureux dynamisme, et c\u2019est un euph\u00e9misme ! Ces dames ne s\u2019en laissent pas conter et la nouvelle chanteuse de Lac Placide a de nombreux arguments artistiques \u00e0 d\u00e9fendre, ce qu\u2019elle ne manqua pas de faire, en d\u00e9pit de quelques petits soucis techniques introductifs venant entacher le d\u00e9but du concert de nos placides lacustres\u2026<\/p>\n<p>  <img loading=\"lazy\" alt=\"\" src=\"\/images\/contenu\/articles\/old\/live_lacpla07_3.jpg\" width=\"190\" height=\"127\" align=\"left\" border=\"1\">Tout commence par un petit \u00e9coulement de ruisseau, quelques m\u00e9lodies bien dansantes et si notre reine des abeilles eut quelques difficult\u00e9s \u00e0 trouver ses marques en d\u00e9but de set, elle s\u2019en tira magistralement et fut salu\u00e9e par de tr\u00e8s encourageants applaudissements. Les m\u00e9lodies de Lac Placide attirent l&rsquo;attention, les accompagnements et les ch\u0153urs sont plus que convenables : le groupe est s\u00e9rieux, organis\u00e9, quasi professionnel et ma\u00eetrise parfaitement ses ambiances et ses m\u00e9lodies, ici particuli\u00e8rement accrocheuses, le tout \u00e9tant ponctu\u00e9 par les moments d\u2019humour du S\u00e9n\u00e9chal, les sourires, la joie d\u2019\u00eatre l\u00e0 et la volont\u00e9 de s\u2019\u00e9pancher un peu plus que d\u2019ordinaire, malheureusement contrari\u00e9e par l\u2019exigu\u00eft\u00e9 de la sc\u00e8ne&#8230; Notre apicultrice est une ouvri\u00e8re habile, n\u2019h\u00e9sitant pas \u00e0 ponctuer (on aurait aim\u00e9 avec un peu plus de puissance) les saillies du S\u00e9n\u00e9chal et devant encore trouver une place d\u2019honneur qui lui serait plus que m\u00e9rit\u00e9e. Les claviers de Lac Placide sont leur autre force : les sons voluptueux, les instruments partant dans tous les sens, les m\u00e9lodies se succ\u00e9dant sans fin et l\u2019osmose avec le public faisant plaisir \u00e0 voir\u2026<\/p>\n<p>  Un rayon de soleil dans ce froid hiver\u2026 Apr\u00e8s de tels concerts, on souhaiterait que ce soit novembre toute l\u2019ann\u00e9e, c\u2019est dire ! Un grand merci aux Ombreux, et longue vie \u00e0 eux\u2026        <\/p>\n<p align=\"right\" class=\"dateconcert\"><strong>J\u00e9r\u00f4me Walczak<\/strong><\/p>\n<p align=\"center\" class=\"dateconcert\"><strong>site web Acteurs de l&rsquo;Ombre : <\/strong><a href=\"http:\/\/www.lesacteursdelombre.com\" target=\"_blank\" class=\"dateconcert\"><font color=\"#0000FF\"><strong>http:\/\/www.lesacteursdelombre.com<\/strong><\/font><\/a><br \/>  <strong>site web Ad Vitam Aeternam : <\/strong><a href=\"http:\/\/www.myspace.com\/advitamaeternam\" target=\"_blank\" class=\"dateconcert\"><font color=\"#0000FF\"><strong>http:\/\/www.myspace.com\/advitamaeternam<\/strong><\/font><\/a><br \/>  <strong>site web Lac Placide : <\/strong><a href=\"http:\/\/www.lacplacide.com\" target=\"_blank\" class=\"dateconcert\"><font color=\"#0000FF\"><strong>http:\/\/www.lacplacide.com<\/strong><\/font><\/a><\/p>\n<p align=\"center\" class=\"dateconcert\"><strong><a href=\"http:\/\/http:\/\/www.chromatique.net\/index.php?option=com_k2&#038;view=itemlist&#038;layout=category&#038;task=category&#038;id=2&#038;Itemid=4\"><font color=\"#CA0B4E\"><font color=\"#157175\">retour          au sommaire<\/font><\/font><\/a><\/strong><\/p>\n<\/td>\n<\/tr>\n<\/table>\n","protected":false},"excerpt":{"rendered":"<p>FESTIVAL : ACTEURS DE L&rsquo;OMBRE &nbsp; Artistes : Ad Vitam Aeternam\/Lac Placide Lieu : Paris,&#8230;<\/p>\n","protected":false},"author":16,"featured_media":22018,"comment_status":"closed","ping_status":"open","sticky":false,"template":"","format":"standard","meta":[],"categories":[6],"tags":[],"acf":[],"_links":{"self":[{"href":"https:\/\/www.chromatique.net\/index.php\/wp-json\/wp\/v2\/posts\/22017"}],"collection":[{"href":"https:\/\/www.chromatique.net\/index.php\/wp-json\/wp\/v2\/posts"}],"about":[{"href":"https:\/\/www.chromatique.net\/index.php\/wp-json\/wp\/v2\/types\/post"}],"author":[{"embeddable":true,"href":"https:\/\/www.chromatique.net\/index.php\/wp-json\/wp\/v2\/users\/16"}],"replies":[{"embeddable":true,"href":"https:\/\/www.chromatique.net\/index.php\/wp-json\/wp\/v2\/comments?post=22017"}],"version-history":[{"count":0,"href":"https:\/\/www.chromatique.net\/index.php\/wp-json\/wp\/v2\/posts\/22017\/revisions"}],"wp:featuredmedia":[{"embeddable":true,"href":"https:\/\/www.chromatique.net\/index.php\/wp-json\/wp\/v2\/media\/22018"}],"wp:attachment":[{"href":"https:\/\/www.chromatique.net\/index.php\/wp-json\/wp\/v2\/media?parent=22017"}],"wp:term":[{"taxonomy":"category","embeddable":true,"href":"https:\/\/www.chromatique.net\/index.php\/wp-json\/wp\/v2\/categories?post=22017"},{"taxonomy":"post_tag","embeddable":true,"href":"https:\/\/www.chromatique.net\/index.php\/wp-json\/wp\/v2\/tags?post=22017"}],"curies":[{"name":"wp","href":"https:\/\/api.w.org\/{rel}","templated":true}]}}