{"id":21913,"date":"2017-11-06T00:00:00","date_gmt":"2017-11-05T23:00:00","guid":{"rendered":"http:\/\/chromatique.net\/wp-content\/uploads\/2020\/04\/123f08a82fb9c5f852f1ed8edd055f5d_XL.jpg"},"modified":"2017-11-06T00:00:00","modified_gmt":"2017-11-05T22:00:00","slug":"21913","status":"publish","type":"post","link":"https:\/\/www.chromatique.net\/index.php\/2017\/11\/06\/21913\/","title":{"rendered":"Daniel Cavanagh &#8211; Interview Monochrome"},"content":{"rendered":"\n<p><strong>Riche actualit\u00e9 pour Daniel Cavanagh ! Un nouvel album d\u2019Anathema \u2013 ou plut\u00f4t Ana_Thema \u2013, <em>The Optimist<\/em>, un album solo, <em>Monochrome<\/em>, une gigantesque tourn\u00e9e europ\u00e9enne\u2026 Il s\u2019est pos\u00e9 pour r\u00e9pondre \u00e0 nos questions juste apr\u00e8s son concert au Bataclan, marqu\u00e9 par un \u00e9mouvant hommage aux victimes du 15 novembre.<\/strong><br \/><br \/> <strong>J\u2019allais te demander ce que \u00e7a vous faisait de revenir jouer au Bataclan, mais la r\u00e9ponse a largement \u00e9t\u00e9 apport\u00e9e pendant votre concert\u2026<\/strong><br \/> Daniel : Effectivement, nous avons dit tout ce que nous voulions dire, et il n\u2019y a rien d\u2019autre \u00e0 ajouter.<br \/> <strong>Anathema est au d\u00e9but d\u2019une longue tourn\u00e9e europ\u00e9enne. Comment \u00e7a se passe jusque-l\u00e0 ?<\/strong> Daniel : Super bien, je ne me plains pas. Je suis ravi d\u2019\u00eatre l\u00e0.<br \/> <strong><em>The Optimist<\/em> est sorti depuis deux mois d\u00e9j\u00e0. Quels sont les retours que vous en avez eus ? Et toi, est-ce que tu le per\u00e7ois avec un \u0153il nouveau apr\u00e8s cette p\u00e9riode de temps ?<\/strong><br \/> Daniel : En fait, maintenant, je ne l\u2019\u00e9coute plus. Je l\u2019ai \u00e9cout\u00e9 en boucle de la fin de sa conception et jusqu\u2019\u00e0 sa sortie, et ensuite, j\u2019ai arr\u00eat\u00e9. Le jouer, c\u2019est encore quelque chose de diff\u00e9rent, \u00e7a change \u00e0 chaque fois. Quant aux retours sur l\u2019album, ils sont pour la plupart plut\u00f4t bons. Il y a des gens qui ne l\u2019aiment pas, mais bon je ne peux pas les en emp\u00eacher. Moi je l\u2019aime bien.<br \/> <strong><em>The Optimist<\/em> est la conclusion de <em>A Fine Day to Exit<\/em>. Qu\u2019est-ce qui vous a pouss\u00e9 \u00e0 choisir cette th\u00e9matique ?<\/strong><br \/> Daniel : c\u2019est tr\u00e8s simple en fait. John (Douglas) a sugg\u00e9r\u00e9 que nous fassions une histoire. J\u2019ai r\u00e9fl\u00e9chi \u00e0 ce que \u00e7a pourrait \u00eatre, j\u2019ai pens\u00e9 \u00e0 un r\u00e9cit qui parle de conduite \u2013 c\u2019est d\u2019ailleurs le th\u00e8me du morceau <em>The Optimist<\/em> : quelqu\u2019un qui conduit, la nuit. On avait d\u00e9j\u00e0 ce titre, du coup j\u2019ai construit l\u2019album et l\u2019histoire autour de cette chanson. Au-del\u00e0 de la conduite, \u00e7a parle de voyager, de s\u2019\u00e9chapper. Et quand tu regardes la pochette de l\u2019album <em>A Fine Day to Exit<\/em>, \u00e7a fait beaucoup de sens comme suite.<br \/> <strong>Au sujet de la pochette de <em>A Fine Day to Exit<\/em>, quelle plage repr\u00e9sente-t-elle ?<\/strong>The Optimist, ce sont ses coordonn\u00e9es g\u00e9ographiques ! Regarde sur <em>Google Earth<\/em>.<br \/> <strong>Votre style a beaucoup \u00e9volu\u00e9 depuis <em>A Fine Day to Exit<\/em>. Vous avez m\u00eame, pour <em>The Optimist<\/em>, chang\u00e9 de typographie en passant de Anathema \u00e0 Ana_Thema. Y a-t-il une raison particuli\u00e8re ? Est-ce pour consacrer l\u2019\u00e9volution du groupe ou est-ce juste un effet de style pour l\u2019album ?<\/strong><br \/> Daniel : Ce n\u2019est pas vraiment un changement de nom, et la prononciation reste la m\u00eame (<em>\u00e0 prononcer anassima, ndChromatique<\/em>). Peut-\u00eatre que le logo va changer un peu, peut-\u00eatre que c\u2019est juste pour cet album. Mais bon, il ne faut pas donner trop d\u2019importance \u00e0 cette modification.<br \/> <strong>Ton album solo, <em>Monochrome<\/em>, est sorti \u00e0 peine deux mois apr\u00e8s <em>The Optimist<\/em>. Tu as \u00e9crit et compos\u00e9 les deux en m\u00eame temps ?<\/strong><br \/> Daniel : En fait non, j\u2019ai fait <em>Monochrome<\/em> avant <em>The Optimist<\/em>. J\u2019ai \u00e9crit <em>Monochrome<\/em> en 2015 \u00e0 Liverpool, et il prenait la poussi\u00e8re sur les \u00e9tag\u00e8res depuis. Quant \u00e0 la sortie des albums, \u00e7a n\u2019a \u00e9t\u00e9 qu\u2019une question de calendrier d\u00e9cid\u00e9e par le label.<br \/> <strong>Pourquoi cet album solo ? Cela pourrait ais\u00e9ment passer pour du Anathema, mais tu as choisi de le mettre \u00e0 part.<\/strong><br \/> Daniel : Je ne voulais pas faire un album d\u2019Anathema quand je l\u2019ai fait. C\u2019\u00e9tait l\u2019\u00e9t\u00e9 2015, je voulais juste m\u2019occuper l\u2019esprit et j\u2019aime bien le studio o\u00f9 on enregistre. J\u2019\u00e9tais tout simplement heureux de travailler car c\u2019\u00e9tait une p\u00e9riode difficile pour moi, j\u2019\u00e9tais en d\u00e9pression, et \u00e7a m\u2019a fait du bien.<br \/> <strong>C\u2019est donc un album tr\u00e8s personnel\u2026<\/strong><br \/> Daniel : Toutes les chansons que j\u2019\u00e9cris sont personnelles !<br \/> <strong>Peux-tu du coup d\u00e9velopper le sens que tu as donn\u00e9 \u00e0 celles de Monochrome ?<\/strong><br \/> Daniel : Absolument pas. C\u2019est \u00e0 chacun de se faire son id\u00e9e, et d\u2019y trouver un sens qui fasse sens, tu vois ce que je veux dire ?<br \/> <strong>C\u2019est ta deuxi\u00e8me collaboration sur un album solo avec Anneke Van Giersbergen, qui chante sur 3 de tes chansons. Comment s\u2019est pass\u00e9e votre collaboration ?<\/strong><br \/> Daniel : Je connais Anneke depuis plus de 10 ans, on a fait un tas de concerts ensembles ! C\u2019est vraiment une chanteuse incroyable. Vinnie (Vincent) et Lee ont leur \u00ab\u00a0 truc \u00a0\u00bb, Anneke et moi avons le n\u00f4tre.<br \/> <strong>Si tu pouvais choisir d\u2019autres artistes avec qui collaborer, qui prendrais-tu ?<\/strong><br \/> Daniel : Honn\u00eatement, vus les artistes que j\u2019admire, je me sentirais vraiment inf\u00e9rieur. Et m\u00eame, le style de musique que je fais ne leur conviendrait pas. Tu pourrais me demander pour qui j\u2019aimerais jouer de la guitare.<br \/> <strong>Du coup, pour qui aimerais-tu jouer de la guitare ?<\/strong><br \/> Daniel : Alors l\u00e0, j\u2019ai une longue liste. Quelque chose qui m\u2019irait bien, ce serait Pink Floyd par exemple, celui de Roger Waters. Pas celui de Gilmour, \u00e9videmment, vu que c\u2019est lui qui joue tous les solos. Sinon, m\u00eame s\u2019ils sont un peu hors de port\u00e9e, j\u2019adorerais jouer pour Sigur Ros. Juste parce qu\u2019ils sont g\u00e9niaux, et que \u00e7a serait une aventure.<br \/> <strong>Et si tu pouvais faire chanter quelqu\u2019un ?<\/strong><br \/> Daniel : Tous les grands du rock. Bon, \u00e7a voudrait dire leur \u00e9crire des chansons adapt\u00e9es. Je me tournerais vers David Gilmour. Je ne suis pas un grand fan de sa carri\u00e8re solo, mais en termes de chant pur, c\u2019est un de mes pr\u00e9f\u00e9r\u00e9s. Nos styles ne sont pas si \u00e9loign\u00e9s, en plus.<br \/> <strong>Pr\u00e9vois-tu une tourn\u00e9e avec cet album ? Si oui, avec quel <em>line-up<\/em> ?<\/strong><br \/> Daniel : Je n\u2019ai pas encore de plan. Il faudrait qu\u2019 Anneke soit l\u00e0, \u00e9videmment, mais sinon je suis ouvert aux suggestions. Pour le moment, on est au d\u00e9but d\u2019une tourn\u00e9e tellement longue que je ne peux pas penser \u00e0 la suivante.<br \/> <strong>Ton album de l\u2019ann\u00e9e ?<\/strong><br \/> Daniel : Alors je n\u2019ai pas d\u2019album de l\u2019ann\u00e9e, mais ce que j\u2019\u00e9coute en ce moment c\u2019est Asia, <em>Asia 1979<\/em>, et la bande son de Mr. Robot.<br \/> <strong>Merci ! Je te laisse te reposer du concert, et bonne tourn\u00e9e !<\/strong><\/p>","protected":false},"excerpt":{"rendered":"<p>Riche actualit\u00e9 pour Daniel Cavanagh ! Un nouvel album d\u2019Anathema \u2013 ou plut\u00f4t Ana_Thema \u2013,&#8230;<\/p>\n","protected":false},"author":50,"featured_media":21914,"comment_status":"closed","ping_status":"open","sticky":false,"template":"","format":"standard","meta":[],"categories":[4],"tags":[],"acf":[],"_links":{"self":[{"href":"https:\/\/www.chromatique.net\/index.php\/wp-json\/wp\/v2\/posts\/21913"}],"collection":[{"href":"https:\/\/www.chromatique.net\/index.php\/wp-json\/wp\/v2\/posts"}],"about":[{"href":"https:\/\/www.chromatique.net\/index.php\/wp-json\/wp\/v2\/types\/post"}],"author":[{"embeddable":true,"href":"https:\/\/www.chromatique.net\/index.php\/wp-json\/wp\/v2\/users\/50"}],"replies":[{"embeddable":true,"href":"https:\/\/www.chromatique.net\/index.php\/wp-json\/wp\/v2\/comments?post=21913"}],"version-history":[{"count":0,"href":"https:\/\/www.chromatique.net\/index.php\/wp-json\/wp\/v2\/posts\/21913\/revisions"}],"wp:featuredmedia":[{"embeddable":true,"href":"https:\/\/www.chromatique.net\/index.php\/wp-json\/wp\/v2\/media\/21914"}],"wp:attachment":[{"href":"https:\/\/www.chromatique.net\/index.php\/wp-json\/wp\/v2\/media?parent=21913"}],"wp:term":[{"taxonomy":"category","embeddable":true,"href":"https:\/\/www.chromatique.net\/index.php\/wp-json\/wp\/v2\/categories?post=21913"},{"taxonomy":"post_tag","embeddable":true,"href":"https:\/\/www.chromatique.net\/index.php\/wp-json\/wp\/v2\/tags?post=21913"}],"curies":[{"name":"wp","href":"https:\/\/api.w.org\/{rel}","templated":true}]}}