{"id":21837,"date":"2015-01-08T00:00:00","date_gmt":"2015-01-07T23:00:00","guid":{"rendered":"http:\/\/chromatique.net\/wp-content\/uploads\/2020\/04\/48f127dd2d8ab40579ebb3bb626653cf_XL.jpg"},"modified":"2015-01-08T00:00:00","modified_gmt":"2015-01-07T22:00:00","slug":"21837","status":"publish","type":"post","link":"https:\/\/www.chromatique.net\/index.php\/2015\/01\/08\/21837\/","title":{"rendered":"Nick Gardel &#8211; Polar Express"},"content":{"rendered":"\n<p><strong>Il n\u2019est pas courant dans la litt\u00e9rature populaire \u2013 et c\u2019est un euph\u00e9misme \u2013  de trouver des r\u00e9f\u00e9rences \u00e0 un genre musical aussi peu glamour que le prog\u2019. Fran\u00e7ois Appas avait certes consacr\u00e9 <a href=\"chroniques\/item\/13729-le-rock-progressif-se-d%C3%A9place-par-bonds\"><em>un petit volume<\/em><\/a> absolument hilarant \u00e0 l\u2019histoire de PaillasSon, groupe de prog\u2019 fictif et d\u00e9licieusement caricatural, mais Nick Gardel incorpore le genre dans un vrai polar, <a href=\"chroniques\/item\/15086-musical-box\" target=\"\u201d_blank\u201d\"><em>Musical Box<\/em><\/a>, un roman qui a l\u2019appr\u00e9ciable qualit\u00e9 de s\u2019adresser autant au novice qu\u2019\u00e0 l\u2019initi\u00e9 pendant la paire d\u2019heures que n\u00e9cessite sa lecture. L\u2019auteur nous expose le pourquoi du comment, et bien plus encore. <br \/><br \/> Chromatique.net : Raconte-nous un peu la gen\u00e8se de ta passion pour l\u2019\u00e9criture (car je suppose que c\u2019en est une !). Quand as-tu r\u00e9ellement commenc\u00e9 \u00e0 \u00e9crire ? Quel a \u00e9t\u00e9 ton parcours ? <br \/> Nick Gardel : <\/strong> J\u2019h\u00e9site toujours \u00e0 parler de passion, je trouve le terme galvaud\u00e9. J\u2019ai des histoires \u00e0 raconter, c\u2019est tout. C\u2019est autant un plaisir qu\u2019un besoin. \u00c7a ne date pas d\u2019hier, d\u2019ailleurs. Mes premiers \u00e9crits ont \u00e9t\u00e9 produits \u00e0 l\u2019\u00e2ge de quinze ans. C\u2019\u00e9tait plus de la science-fiction mais toujours avec un fond policier. C\u2019\u00e9taient alors des nouvelles. J\u2019en \u00e9crivais r\u00e9guli\u00e8rement. Un jour, j\u2019ai produit avec mes \u00e9l\u00e8ves un petit livre de leurs productions que nous avons fait imprimer de fa\u00e7on \u00ab\u00a0pro\u00a0\u00bb. Le r\u00e9sultat \u00e9tait vraiment beau si bien que j\u2019ai d\u00e9cid\u00e9 de regrouper toutes mes nouvelles \u00ab\u00a0potables\u00a0\u00bb en un recueil. Puis, sous cette impulsion, j\u2019ai \u00e9crit d\u2019autres nouvelles qui ont commenc\u00e9 \u00e0 s\u2019articuler en un tout. Le roman n\u2019\u00e9tait pas loin, j\u2019ai saut\u00e9 le pas. Depuis, j\u2019en \u00e9cris un par an. <br \/><br \/> <strong>Comme pour beaucoup d\u2019auteurs, ton art ne doit pas suffire \u00e0 payer toutes tes factures. Peux-tu nous parler de ton \u00ab\u00a0vrai m\u00e9tier\u00a0\u00bb ? <\/strong><br \/> Je suis enseignant pour des \u00e9l\u00e8ves, disons, \u00ab\u00a0compliqu\u00e9s\u00a0\u00bb. Mais j\u2019\u00e9crivais avant cette carri\u00e8re qui reste l\u2019essentiel de ma vie \u00e9veill\u00e9e et qui me nourrit. J\u2019essaye de bien segmenter ma vie professionnelle et mes \u00e9crits, n\u00e9anmoins certains passages de mes romans sont des exutoires de situations v\u00e9cues. <br \/><br \/> <strong>Tu as \u00e9crit \u00ab\u00a0L\u00e2ches d\u00e9raisons\u00a0\u00bb pour la c\u00e9l\u00e8bre s\u00e9rie Le Poulpe. Comment ta contribution \u00e0 ce monument a-t-elle vu le jour ? <\/strong><br \/> C\u2019est une rencontre avec le cr\u00e9ateur de la s\u00e9rie, Jean-Bernard POUY. Il \u00e9tait en d\u00e9dicace dans un salon du livre o\u00f9 je me trouvais pour un roman. J\u2019\u00e9tais (je suis) un grand fan de la s\u00e9rie, du film aussi d\u2019ailleurs. Entre deux discussions, il m\u2019a propos\u00e9 d\u2019en \u00e9crire un et de le soumettre \u00e0 l\u2019\u00e9ditrice. Par rebond, mon personnage de Peter Raven est n\u00e9 \u00e0 ce moment-l\u00e0. Comme je n\u2019\u00e9tais pas s\u00fbr que le manuscrit soit accept\u00e9, j\u2019ai imagin\u00e9 un autre personnage qui prendrait sa place en cas de refus. Il y a une grande parent\u00e9 entre les deux. Le h\u00e9ros du Poulpe s\u2019appelle Gabriel, il \u00e9tait normal que mon h\u00e9ros s\u2019appelle Peter\u2026<br \/><br \/> <strong>Suite \u00e0 cela, as-tu re\u00e7u des propositions d\u2019\u00e9diteurs ? N\u2019est-ce pas un peu le parcours du combattant aujourd\u2019hui pour se faire publier ? <\/strong><br \/> J\u2019ai eu presque imm\u00e9diatement des espoirs de propositions (notez les deux degr\u00e9s de d\u00e9calage par rapport \u00e0 un contrat concret\u2026) pour des romans plus personnels. Mais rien ne s\u2019est concr\u00e9tis\u00e9. Je reste encore en relation avec des gens qui travaillent dans l\u2019\u00e9dition, cela d\u00e9bouchera peut-\u00eatre sur une proposition, un jour\u2026 Il y a une r\u00e9elle crise du livre, ou plus de l\u2019\u00e9dition et de la distribution. Les auteurs sont malmen\u00e9s dans ce monde. On trouve maintenant des escrocs qui se font passer pour des \u00e9diteurs et qui ne sont que des imprimeurs d\u00e9guis\u00e9s. Ceux-l\u00e0 n\u2019ont aucune volont\u00e9 de vendre le livre et font payer \u00e0 prix fort la simple fabrication sans aucune distribution. Les vrais \u00e9diteurs sont tr\u00e8s frileux et signent finalement peu de nouveaux noms. Reste l\u2019auto\u00e9dition qui demande une \u00e9nergie folle, mais permet de cr\u00e9er un vrai lien avec les lecteurs. <br \/><br \/> <strong>Pourquoi avoir choisi de publier sous un pseudonyme ? D\u2019ailleurs, ton pseudo contient-il un de ces jeux de mots dont tu es friand ? <\/strong><br \/> La r\u00e9ponse est moins romanesque que \u00e7a. Quand on commence \u00e0 \u00e9crire \u00e0 quinze ans, une partie du plaisir est justement le pseudonyme. Le mien vient des jeux de r\u00f4les et d\u2019un personnage d\u2019elfe invent\u00e9 pour l\u2019occasion. Les elfes ont des noms finissant par \u00ab\u00a0-el\u00a0\u00bb comme Glorfindel, Galadriel etc\u2026 Je venais de changer ma fa\u00e7on d\u2019\u00e9crire les G, Gardel s\u2019est impos\u00e9. Un lien avec mes (lointaines) origines espagnoles ? Je ne sais pas. <br \/><br \/> <strong>Comment t\u2019est venue l\u2019id\u00e9e (saugrenue !) d\u2019\u00e9crire un polar dont le fil rouge est le prog\u2019 ? Comment est n\u00e9e l\u2019intrigue de ce \u00ab\u00a0Musical Box\u00a0\u00bb ? <\/strong><br \/> Cette question plonge au c\u0153ur de l\u2019inspiration\u2026 C\u2019est toujours tr\u00e8s complexe de tenter de l\u2019expliciter. Musical Box est n\u00e9 d\u2019un vrai d\u00e9sir de mettre la musique et le rock progressif en particulier au c\u0153ur de l\u2019intrigue. Sa conception s\u2019\u00e9tale sur deux ans. Peter Raven existait d\u00e9j\u00e0, son go\u00fbt pour la musique progressive et les cassettes audio aussi. L\u2019essentiel du travail a \u00e9t\u00e9 de conceptualiser le groupe d\u00e9crit dans le roman, Valaquenta. Certains personnages vous \u00e9chappent ensuite. Le fil conducteur (avec et sans jeu de mot) de l\u2019histoire, Esteb\u00e0n, ne devait pas rester au-del\u00e0 de deux ou trois chapitres, par exemple. <br \/><br \/> <strong>Ta vision des relations \u00e0 l\u2019int\u00e9rieur d\u2019un groupe de rock est tr\u00e8s dr\u00f4le dans sa caricature (le manager magouilleur, le chanteur drogu\u00e9, etc.). Pourquoi avoir cr\u00e9\u00e9 des personnages aussi typ\u00e9s ? <\/strong><br \/> Je n\u2019avais pas l\u2019intention d\u2019\u00e9crire une fresque o\u00f9 on aurait pu diluer ces traits de caract\u00e8res entre plusieurs personnages. J\u2019ai donc d\u00fb grossir le trait pour chacun des protagonistes. Et puis, je suis s\u00fbr que quelques-uns de ces personnages outranciers r\u00e9servent quand m\u00eame quelques surprises au fil de la lecture\u2026 D\u2019autres r\u00e9pondent \u00e0 des imp\u00e9ratifs. J\u2019ai deux policiers car, ainsi, ils peuvent dialoguer. Et puis j\u2019avais deux \u00ab\u00a0Jon\u00a0\u00bb \u00e0 placer. <br \/><br \/> <strong>Ton style (dans \u00ab\u00a0Musical Box\u00a0\u00bb, du moins) est tr\u00e8s ax\u00e9 sur les dialogues, les r\u00e9pliques. On sent Audiard qui tire les ficelles. La comparaison te semble-t-elle pertinente ? <\/strong><br \/> Pertinente je ne sais pas, flatteuse, c\u2019est s\u00fbr ! Je fais tr\u00e8s attention aux dialogues en tout cas. Ce n\u2019est pas une singularit\u00e9 de Musical Box. Nevermore, l\u2019autre aventure de Peter Raven est aussi tr\u00e8s orient\u00e9e \u00ab\u00a0dialogues\u00a0\u00bb. Fourbi \u00e9tourdi, mon pr\u00e9c\u00e9dent roman est ce qu\u2019on pourrait appeler un festival du genre. L\u00e0 aussi, j\u2019ai eu la joie d\u2019entendre des comparaisons \u00e0 Audiard ou Fr\u00e9d\u00e9ric Dard. <br \/><br \/> <strong>Tes personnages ont d\u2019ailleurs tous le sens de la r\u00e9partie. Es-tu toi-m\u00eame ainsi dans la vie ? <\/strong><br \/> C\u2019est la grande force de l\u2019\u00e9crivain, mettre \u00e0 plat ce qu\u2019on pourrait dire dans la vie avec l\u2019illusion de l\u2019imm\u00e9diatet\u00e9. J\u2019ai un humour beaucoup plus cynique que mes personnages, je pense. Mais la r\u00e9partie est un mythe, elle demande beaucoup de travail et une gymnastique mentale assez \u00e9puisante. <br \/><br \/> <strong>Selon toi, quels sont les ingr\u00e9dients pour \u00e9crire un bon polar ? Quels sont tes auteurs favoris dans le genre ? <\/strong><br \/> C\u2019est une question \u00e0 laquelle je ne peux pas r\u00e9pondre. Je ne sais pas \u00e9crire autre chose, alors j\u2019essaye toujours de faire du mieux que je peux. Comme les groupes de musique, je reste persuad\u00e9 qu\u2019ils ne tentent pas de correspondre \u00e0 l\u2019\u00e9tiquette qu\u2019on leur a coll\u00e9e. Ils cr\u00e9ent leur musique et les auditeurs, les critiques, les fans font le reste. Certains passent m\u00eame tout un album \u00e0 essayer de d\u00e9coller cette \u00e9tiquette. Pour ma part, je fonctionne comme un fan, je lis tout d\u2019un m\u00eame auteur. Jean-Bernard POUY, Patrick Raynal, Dominique Sylvain, Fred Vargas. C\u2019est tr\u00e8s \u00e9clectique m\u00eame au sein de la famille \u00ab\u00a0polar\u00a0\u00bb. Je crois avoir d\u00e9pass\u00e9 ma p\u00e9riode \u00ab\u00a0mim\u00e9tisme\u00a0\u00bb d\u2019\u00e9criture. Ces lectures m\u2019enrichissent, mais mon style se construit au-del\u00e0 d\u2019elles. <br \/><br \/> <strong>Ton livre s\u2019ach\u00e8ve dans un festival de rock. Es-tu toi-m\u00eame amateur de concerts ? A-t-on des chances de te croiser au Night of The Prog, par exemple ? <\/strong><br \/> J\u2019aime les concerts, mais moins que lorsque j\u2019\u00e9tais plus jeune. L\u2019\u00e2ge sans doute\u2026 Mais je dois dire que l\u2019envie me revient, avec les deux derniers que j\u2019ai vus ! <br \/><br \/> <strong>Quel est le dernier concert auquel tu as assist\u00e9 ? \u2026et quel est le prochain ?!! <\/strong><br \/> Transatlantic au Bataclan \u00e0 Paris et Peter Gabriel \u00e0 Strasbourg. J\u2019ai aussi assist\u00e9 par hasard \u00e0 un concert du groupe de Glam rock : Steel Panther. Je d\u00e9cris d\u2019ailleurs ce <em>show<\/em> et son public dans le roman. Je n\u2019ai pas encore de billet pour le prochain concert. Cela d\u00e9pend souvent de mes disponibilit\u00e9s et de mes possibilit\u00e9s financi\u00e8res\u2026 <br \/><br \/> <strong>En lisant ce roman, on serait tent\u00e9 de dire que tu as une pr\u00e9f\u00e9rence pour le prog \u00ab\u00a0 classique\u00a0\u00bb. Quels sont les groupes et artistes qui ont tes faveurs ? <\/strong><br \/> Ma passion pour le prog date d\u2019aussi longtemps que celle de l\u2019\u00e9criture (un rapport \u00e0 creuser ?). J\u2019ai eu une p\u00e9riode tr\u00e8s active dans ce style et j\u2019ai m\u00eame fait partie de l\u2019\u00e9quipe de Mus\u00e9a (des gens ABSOLUMENT formidables). J\u2019ai donc une culture progressive assez \u00e9tendue. J\u2019ai un temps \u00e9cout\u00e9 des groupes beaucoup plus confidentiels et j\u2019ai d\u00e9couvert les premiers albums de quelques-uns qui sont devenus des pointures depuis. Je suis bien \u00e9videmment attach\u00e9 \u00e0 Genesis, Marillion, Yes, Pink Floyd etc\u2026 Mais je reste critique vis-\u00e0-vis de ces groupes et de leurs \u00e9volutions. Comme tous les fans, j\u2019ai mes chapelles, mes adorations et mes haines\u2026 J\u2019essaye d\u2019expliciter cela dans le roman aussi. <br \/><br \/> <strong>Le prog survit, dit-on, gr\u00e2ce aux fans qui sont r\u00e9put\u00e9s pour pr\u00e9f\u00e9rer l\u2019objet physique \u00e0 la version d\u00e9mat\u00e9rialis\u00e9e. De quelle cat\u00e9gorie fais-tu partie ? <\/strong><br \/> Je corresponds bien \u00e0 cette description. Il y a une grande richesse de production progressive en ce moment. J\u2019en \u00e9coute beaucoup, num\u00e9riquement en premier lieu. Si le disque d\u00e9passe le cap de deux ou trois \u00e9coutes sans me lasser, je l\u2019ach\u00e8te. Mais il y a aussi une crise de la distribution. Je me souviens avoir mis presque six mois \u00e0 trouver un exemplaire du CD de Parzivals Eye que j\u2019\u00e9coutais donc en version pirat\u00e9e pendant ce temps. J\u2019ai d\u00e9couvert ainsi des groupes comme Knight Area ou Longdistancecalling que je poss\u00e8de physiquement d\u00e9sormais. <br \/><br \/> <strong>Que penses-tu de la sc\u00e8ne prog\u2019 d\u2019aujourd\u2019hui, artistiquement parlant ? Quel est ton sentiment sur son \u00e9volution ? <\/strong><br \/> La sc\u00e8ne prog est tr\u00e8s riche actuellement. Je n\u2019adh\u00e8re pas \u00e0 tout, mais j\u2019essaye d\u2019\u00e9couter le maximum. J\u2019ai \u00e9t\u00e9 assez d\u00e9\u00e7u par les derni\u00e8res productions des groupes mythiques. Le dernier Yes, le dernier Asia, le dernier PF, Genesis qui sort une compilation, Peter Gabriel qui sort tout sauf un album etc\u2026 Pourtant je poss\u00e8de la plupart de ces \u0153uvres d\u00e9cevantes. J\u2019ai vu arriver des nouveaut\u00e9s tr\u00e8s int\u00e9ressantes ces derni\u00e8res ann\u00e9es : RPWL, Transatlantic, le second Flying Colors, par exemple. Je n\u2019arrive pas \u00e0 rentrer dans les productions de Wilson, si ce n\u2019est Blackfield (en oubliant le <em>IV<\/em>). Je passe \u00e0 c\u00f4t\u00e9 de Pineapple Tree. De m\u00eame, j\u2019ai beaucoup plus de mal \u00e0 adh\u00e9rer au progressif latin (de l\u2019italien au sud-am\u00e9ricain), je ne sais pas pourquoi mais je m\u2019y ennuie tr\u00e8s vite, ce qui n\u2019est pas le cas chez les Polonais par exemple, m\u00eame si souvent je n\u2019arrive pas \u00e0 distinguer les groupes les uns des autres. J\u2019ai le sentiment de ne plus ressentir le m\u00eame frisson que lorsque nous arrivaient les premiers Aragon, Pendragon et IQ pour ne citer que ces apprentis dinosaures. Il faut mettre en cause le vieillissement de l\u2019auditeur sans doute, autant que la qualit\u00e9 du style musical. <br \/><br \/> <strong>Quels sont tes projets d\u2019\u00e9criture ? D\u2019autres polars ? Penses-tu un jour \u00e9crire un ouvrage \u00ab\u00a0s\u00e9rieux\u00a0\u00bb sur le prog\u2019 (comme le r\u00e9cent \u00ab\u00a0Prog100\u00a0\u00bb de Fr\u00e9d\u00e9ric Del\u00e2ge par exemple) ou cet exercice ne t\u2019int\u00e9resse-t-il pas le moins du monde ? <\/strong><br \/> Comme je l\u2019ai dit plus haut, je ne sais pas \u00e9crire autre chose\u2026 je vais donc continuer \u00e0 creuser mon sillon. Je n\u2019ai pas lu encore l\u2019ouvrage de Fr\u00e9d\u00e9ric Del\u00e2ge, je viens de lui envoyer Musical Box, peut-\u00eatre m\u2019offrira-t-il le sien en retour (non, ce n\u2019est pas un appel\u2026). Le prochain roman est en cours. Il sera encore plus bas\u00e9 sur cette folie qu\u2019on retrouve dans les sc\u00e9narios d\u2019Audiard. Le h\u00e9ros principal est un fan de MAGMA. Je n\u2019en sais pas plus. J\u2019y int\u00e9grerai sans doute une 2CV noire d\u00e9cor\u00e9e de trois logos du groupe que je croisais parfois \u00e0 Strasbourg\u2026 <br \/><br \/> <strong>Le mot de la fin pour les lecteurs de Chromatique ? <\/strong><br \/> <em>Musical Box<\/em> a \u00e9t\u00e9 \u00e9crit pour les fans de prog. Les autres ne seront pas exclus, mais les fans y trouveront une deuxi\u00e8me lecture que j\u2019ai voulu la plus l\u00e9g\u00e8re et la plus plaisante possible. Valaquenta a \u00e9t\u00e9 cr\u00e9\u00e9 pour eux, son histoire prolonge encore la lecture et d\u2019autres clins d\u2019\u0153il se trouvent dans la biographie et la discographie du groupe. <em>Musical Box<\/em> est un roman \u00e0 tiroirs, certains sont \u00e9vidents, d\u2019autres demandent une tournure d\u2019esprit particuli\u00e8re pour en faire jouer les serrures. J\u2019ai toujours \u00e9crit de cette fa\u00e7on, j\u2019esp\u00e8re que les lecteurs de ce roman d\u00e9couvriront mon style et se lanceront dans l\u2019aventure d\u2019une ou plusieurs autres lectures. <br \/><br \/><\/p>","protected":false},"excerpt":{"rendered":"<p>Il n\u2019est pas courant dans la litt\u00e9rature populaire \u2013 et c\u2019est un euph\u00e9misme \u2013 de&#8230;<\/p>\n","protected":false},"author":14,"featured_media":21838,"comment_status":"closed","ping_status":"open","sticky":false,"template":"","format":"standard","meta":[],"categories":[4],"tags":[],"acf":[],"_links":{"self":[{"href":"https:\/\/www.chromatique.net\/index.php\/wp-json\/wp\/v2\/posts\/21837"}],"collection":[{"href":"https:\/\/www.chromatique.net\/index.php\/wp-json\/wp\/v2\/posts"}],"about":[{"href":"https:\/\/www.chromatique.net\/index.php\/wp-json\/wp\/v2\/types\/post"}],"author":[{"embeddable":true,"href":"https:\/\/www.chromatique.net\/index.php\/wp-json\/wp\/v2\/users\/14"}],"replies":[{"embeddable":true,"href":"https:\/\/www.chromatique.net\/index.php\/wp-json\/wp\/v2\/comments?post=21837"}],"version-history":[{"count":0,"href":"https:\/\/www.chromatique.net\/index.php\/wp-json\/wp\/v2\/posts\/21837\/revisions"}],"wp:featuredmedia":[{"embeddable":true,"href":"https:\/\/www.chromatique.net\/index.php\/wp-json\/wp\/v2\/media\/21838"}],"wp:attachment":[{"href":"https:\/\/www.chromatique.net\/index.php\/wp-json\/wp\/v2\/media?parent=21837"}],"wp:term":[{"taxonomy":"category","embeddable":true,"href":"https:\/\/www.chromatique.net\/index.php\/wp-json\/wp\/v2\/categories?post=21837"},{"taxonomy":"post_tag","embeddable":true,"href":"https:\/\/www.chromatique.net\/index.php\/wp-json\/wp\/v2\/tags?post=21837"}],"curies":[{"name":"wp","href":"https:\/\/api.w.org\/{rel}","templated":true}]}}