{"id":21802,"date":"2014-06-04T00:00:00","date_gmt":"2014-06-03T22:00:00","guid":{"rendered":"http:\/\/chromatique.net\/wp-content\/uploads\/2020\/04\/6f8fcda6bd385aa02b34590c17bec639_XL.jpg"},"modified":"2014-06-04T00:00:00","modified_gmt":"2014-06-03T22:00:00","slug":"21802","status":"publish","type":"post","link":"https:\/\/www.chromatique.net\/index.php\/2014\/06\/04\/21802\/","title":{"rendered":"Factor Burzaco &#8211; Le facteur sonne toujours trois fois"},"content":{"rendered":"\n<p><strong> A l\u2019occasion de la sortie de  <em>3<\/em> , le dernier album de Factor Burzaco, l\u2019\u00e9quipe de Chromatique a d\u00e9cid\u00e9 de joindre Abel Gilbert, le cr\u00e9ateur et l\u2019\u00e2me du groupe pour lui poser quelques questions. Notre curiosit\u00e9 est \u00e0 son comble, tant l\u2019Argentine, pays dans lequel le groupe est n\u00e9 (Burzaco est un quartier de Buenos Aires) para\u00eet bien \u00e9loign\u00e9, dans sa culture, du Rock Progressif voire de celui  \u00ab\u00a0In Opposition\u00a0\u00bb. Abel Gilbert a gentiment accept\u00e9 de r\u00e9pondre \u00e0 nos questions, en faisant l\u2019effort de le faire dans la langue de Shakespeare, celle de Cervantes n\u2019\u00e9tant pas le fort de votre serviteur. <br \/><br \/> Chromatique : Bonjour Abel, merci de consacrer un peu de ton temps pour r\u00e9pondre \u00e0 nos questions. Peux-tu nous parler de la cr\u00e9ation de Factor Burzaco et de tes influences musicales ?<br \/> Abel Gilbert<\/strong> : J\u2019ai cr\u00e9\u00e9 Factor Burzaco en 2004, apr\u00e8s avoir pass\u00e9 dix ann\u00e9es sans avoir \u00e9crit une seule note de musique ; je traversais en effet une crise personnelle. Je ne me sentais pas pleinement satisfait des choses que je cr\u00e9ais dans le domaine de la musique contemporaine que je m\u2019imposais.  Or, un jour, le hasard m\u2019am\u00e8ne \u00e0 r\u00e9-\u00e9couter \u00ab\u00a0InThe Court Of The Crimson King\u00a0 \u00bb de King Crimson, album que j\u2019avais laiss\u00e9 de c\u00f4t\u00e9 depuis 1980 jugeant \u00e0 l\u2019\u00e9poque ce genre musical trop futile. Je me remis \u00e0 aimer cette musique qui m\u2019avait permis de me construire dans mon adolescence (je me suis rendu compte du tort que j\u2019avais eu durant toutes ces ann\u00e9es \u00e0 sous-estimer ce genre musical au profit de la \u00ab\u00a0musique acad\u00e9mique\u00a0\u00bb). Ce fut un choc de retrouver ces sentiments qui m\u2019avaient transport\u00e9 dans ma jeunesse ;  une v\u00e9ritable r\u00e9v\u00e9lation ! C\u2019\u00e9tait ce genre de choses que d\u00e9sormais, je voulais \u00e9crire. Il ne s\u2019agissait pas pour moi de reproduire ce qui avait \u00e9t\u00e9 fait par le pass\u00e9, mais de me servir des ingr\u00e9dients du rock pour les inclure dans ma propre musique. Cependant, je ne me consid\u00e8re pas  comme un musicien de rock, bien que le rock ait contribu\u00e9 \u00e0 forger mon caract\u00e8re, ma personnalit\u00e9.  J\u2019y trouve une force que je n\u2019ai jamais trouv\u00e9e dans aucun autre style musical. J\u2019aime l\u2019id\u00e9e que la musique de Burzaco ne soit pas identifiable. Quel genre de musique fait Burzaco ?  Parfois quelque chose qui se rapproche de la musique contemporaine, parfois du rock, mais la fronti\u00e8re est floue. <br \/><br \/> <strong>La musique de Factor Burzaco est complexe, as-tu appris la composition musicale ?<\/strong><br \/> J\u2019ai \u00e9tudi\u00e9 la composition durant plusieurs ann\u00e9es. Actuellement, j\u2019enseigne la composition en musique \u00e9lectroacoustique \u00e0  l\u2019Universit\u00e9 Nationale de Quilmes .<br \/><br \/> <strong>On ne te voit jamais cr\u00e9dit\u00e9 sur la liste des musiciens, pourquoi ne joues-tu d\u2019aucun instrument ?<\/strong><br \/> Je ne trouve pas d\u2019int\u00e9r\u00eat \u00e0 jouer de la guitare ou du piano, car d\u2019autres sont beaucoup plus talentueux que moi. Mon r\u00f4le aujourd\u2019hui tout comme hier est celui de compositeur et de producteur. Je participe \u00e9galement au mixage des albums. Sur  <em>3<\/em> Pedro Chalkho le guitariste avec qui j\u2019ai co-\u00e9crit deux morceaux s\u2019est montr\u00e9 excellent co-producteur. Je suis fier des musiciens qui ont particip\u00e9 aux deux albums pr\u00e9c\u00e9dents, mais je trouve qu\u2019avec la formation actuelle, je suis arriv\u00e9 \u00e0 une tr\u00e8s grande qualit\u00e9 technique et artistique. Tous ces artistes sont \u00e9galement mes amis. Cela rend nos relations de travail encore plus intenses et aussi plus faciles.<br \/><br \/> <strong>Comment travailles-tu quand tu composes ?<\/strong><br \/> J\u2019\u00e9cris au pr\u00e9alable toute la musique, mais je finalise la composition lorsque les musiciens sont derri\u00e8re leur instrument et travaillent les morceaux. Les musiciens me permettent gr\u00e2ce \u00e0 leurs qualit\u00e9s techniques et artistiques, lorsqu\u2019ils jouent, de finaliser et d\u2019arranger mes compositions.<br \/><br \/> <strong>Peux-tu nous parler de l\u2019enregistrement de l\u2019album ?<\/strong><br \/> Cet album a \u00e9t\u00e9 enregistr\u00e9 pour la premi\u00e8re fois en un temps record en seulement quatre mois. Cela a \u00e9t\u00e9 possible gr\u00e2ce \u00e0 la qualit\u00e9 et \u00e0 l\u2019implication de chaque musicien qui a \u00e9tudi\u00e9 et r\u00e9p\u00e9t\u00e9 les morceaux avec une grande conscience professionnelle.<br \/><br \/> <strong>Carolina semble \u00eatre un \u00e9l\u00e9ment important dans la musique de Factor Burzaco ?<\/strong><br \/> Sans Carolina, Factor Burzaco ne serait pas ce qu\u2019il est. Nous nous entendons vraiment tr\u00e8s bien.  La preuve en est qu\u2019habitant loin l\u2019un de l\u2019autre, nous arrivons \u00e0 r\u00e9p\u00e9ter et \u00e0 nous comprendre pour \u00e9laborer les morceaux par t\u00e9l\u00e9phone ! Ma confiance en Carolina est totale. Elle sait parfaitement ce qui est bon pour Factor Burzaco. Au bout de seulement quelques s\u00e9ances d\u2019enregistrement, elle arrive \u00e0 obtenir des r\u00e9sultats surprenants. J\u2019ai eu aussi beaucoup de chance d\u2019avoir pu co-produire et arranger certaines compositions de son album solo, <em>Lomas<\/em> .<br \/><br \/> <strong>Quel genre de musique \u00e9coutes-tu actuellement ? <\/strong><br \/> J\u2019\u00e9coute tous les styles musicaux. Durant mon adolescence, j\u2019\u00e9coutais des groupes tels que King Crimson, Van Der Graaf Generator, Henry Cow, Genesis. Par la suite, comme je l\u2019ai dit plus haut, j\u2019ai d\u00e9laiss\u00e9 ce style musical au profit de la musique classique dans laquelle je voyais \u00e0 l\u2019\u00e9poque une sup\u00e9riorit\u00e9 par rapport au rock. Je pris enfin conscience que des groupes comme les Beatles ou les Kinks avaient laiss\u00e9 sur moi une empreinte ind\u00e9l\u00e9bile. Je rajouterais des artistes comme Fausto Romitelli, Gerard Grisey, Stravinsky, Steve Reich, Gentle Giant, les premiers albums de  King Crimson, Caetano Veloso and Luis Alberto Spinetta.  Luis Alberto Spinetta, est \u00e0 mes yeux l\u2019un des plus grands musiciens argentins des quarante derni\u00e8res ann\u00e9es. Spinetta puise son inspiration du rock, mais sa musique va bien au-del\u00e0 de tous les genres connus. Son talent est comparable \u00e0 celui de Caetano Veloso voire  m\u00eame au-del\u00e0. Sa musique m\u00e9riterait d\u2019\u00eatre mieux connue en Europe. J\u2019avoue qu\u2019apr\u00e8s l\u2019amour inconditionnel que je voue aux Beatles, Spinetta restera une r\u00e9f\u00e9rence \u00e9ternelle pour moi. Il est d\u00e9c\u00e9d\u00e9 d\u00e9but 2012. J\u2019ai \u00e9crit  <em>LAS<\/em> en sa m\u00e9moire. <br \/><br \/> <strong>La musique de Factor Burzaco, de par sa complexit\u00e9, s\u2019adresse \u00e0 un public restreint. Trouve-t-elle un auditoire en Argentine ? Est-il difficile de trouver des lieux pour vous produire ?<\/strong><br \/> En d\u00e9cembre dernier, Factor Burzaco a jou\u00e9 au centre exp\u00e9rimental du Teatro Colon  \u00e0 Buenos Aires. Le groupe s\u2019est produit trois soirs d\u2019affil\u00e9e devant une salle pleine. Notre retour sur sc\u00e8ne  a r\u00e9pondu aux attentes de ceux qui croyaient que Factor Burzaco n\u2019\u00e9tait devenu qu\u2019un souvenir, une sorte de l\u00e9gende urbaine car nous n\u2019avions pas donn\u00e9 de concert depuis 2006. Je ne pense pourtant pas que notre musique int\u00e9resse beaucoup de gens ici. Les albums sont vendus essentiellement \u00e0 l\u2019\u00e9tranger et pratiquement aucune vente ne se fait \u00e0 Buenos Aires. Nous ne recevons aucune aide, le th\u00e9\u00e2tre dans lequel nous avons jou\u00e9 et qui est pourtant du domaine public, ne nous a pas d\u00e9dommag\u00e9s des frais occasionn\u00e9s par l\u2019organisation du concert. C\u2019est toujours tr\u00e8s difficile pour nous de jouer devant un public car nous n\u2019avons pas assez d\u2019argent pour louer de tels lieux et nous offrir les services d\u2019un ing\u00e9nieur du son dans le cadre d\u2019une tourn\u00e9e. Si nous voulions tout de m\u00eame nous lancer dans l\u2019aventure, le prix des billets d\u2019entr\u00e9e serait trop \u00e9lev\u00e9 et nous n\u2019aurions que trop peu de spectateurs. Par cons\u00e9quent, nous pr\u00e9f\u00e9rons centrer nos efforts sur la production d\u2019albums.<br \/><br \/> <strong>Peux-tu nous d\u00e9crire le business de la musique en Argentine aujourd\u2019hui ? Existe t-il une sc\u00e8ne progressive ?<\/strong><br \/> Je ne pense pas qu\u2019il existe une sc\u00e8ne progressive en Argentine. Mes coll\u00e8gues ou amis \u00e9voluent dans le champ de la musique contemporaine ou exp\u00e9rimentale. Cependant, je peux te parler des musiciens qui jouent dans Factor Burzaco et qui ont \u00e9galement leurs propres projets musicaux. Facundo Negri et Pedro Chalkho ont cr\u00e9\u00e9 un groupe, IDAEA, et sont sur le point de terminer leur premier album. Facundo et Sebastian Preit qui jouent du Hammond dans <em>3<\/em> et du piano sur sc\u00e8ne ont cr\u00e9\u00e9 EPN trio. Leur double album est extraordinaire.  Facundo, en plus d\u2019\u00eatre un musicien virtuose, est un excellent compositeur. Pedro Chalkho est co-producteur, et compositeur de quelques morceaux du dernier album de Factor Burzaco. On peut \u00e9galement l\u2019entendre en invit\u00e9 dans l\u2019album de l\u2019EPN trio. C\u2019est un musicien vraiment talentueux. IDAEA est s\u00fbrement de toutes les formations pr\u00e9cit\u00e9es celle que l\u2019on peut le plus facilement classer dans le genre \u00ab \u00a0rock progressif\u00a0   \u00bb.<br \/> Le Nonsense vocal ensemble quant \u00e0 lui est peut \u00eatre le meilleur groupe vocal  d\u2019Argentine aujourd\u2019hui. Leur album, dans lequel ils interpr\u00e8tent  des \u0153uvres de Ligeti et Berio n\u2019a rien \u00e0 envier \u00e0 ce qui se fait en Europe. Ils ont particip\u00e9 au morceau  <em>LAS<\/em>. J\u2019ai aussi eu la chance sur cet album, de b\u00e9n\u00e9ficier de la participation de Sergio Catalan un des meilleurs fl\u00fbtistes de musique classique et contemporaine du moment. Il a r\u00e9cemment enregistr\u00e9 un album avec un octuor de fl\u00fbtes.<br \/><br \/> <strong>Quels sont tes projets imm\u00e9diats ?<\/strong><br \/> Nous avons commenc\u00e9 l\u2019enregistrement d\u2019un <em>live<\/em> suite \u00e0 notre concert au Teatro Colon. Lors de ce spectacle, j\u2019ai essay\u00e9 de synth\u00e9tiser le travail effectu\u00e9 sur les trois albums de Factor Burzaco mais avec diff\u00e9rents arrangements. Ce disque inclura \u00e9galement deux nouvelles compositions.<br \/><br \/> <strong>As-tu quelque chose \u00e0 ajouter ? Un dernier mot pour les lecteurs de Chromatique ?<\/strong><br \/> Oui, j\u2019aimerais ajouter ceci : j\u2019aime \u00e0 penser que la musique de Factor Burzaco est d\u2019un genre mineur. Mais mineur ici doit \u00eatre compris dans le sens que l\u2019entend Deleuze : non pas celui de basse qualit\u00e9, mais celui d\u2019un genre qui est actuellement marginalis\u00e9, d\u00e9savou\u00e9 par une id\u00e9ologie h\u00e9g\u00e9monique. Je voudrais ajouter aussi que nous appr\u00e9cions \u00e9norm\u00e9ment l\u2019int\u00e9r\u00eat que vous et vos lecteurs ont pour notre musique. C\u2019est gr\u00e2ce \u00e0 des magazines et webzines tels que le v\u00f4tre, que cette musique peut survivre en dehors de la logique mercantile qui pr\u00e9vaut de nos jours. Elle pourra continuer \u00e0 vivre tant qu\u2019elle aura un auditoire de passionn\u00e9s qui nous supporteront. Ce sont vos lecteurs qui ach\u00e8tent nos albums. Sans eux les groupes et petits labels sont condamn\u00e9s \u00e0 la ruine. Notre engagement et notre challenge est de surmonter les difficult\u00e9s et adversit\u00e9s et de ne jamais abandonner. <br \/><br \/> <strong>Merci Abel, ce fut un r\u00e9el plaisir d\u2019\u00e9changer ces quelques mots avec toi. Nous te souhaitons \u00e0 toi et tes musiciens les meilleures r\u00e9ussites possibles dans vos projets. On n\u2019ose pas esp\u00e9rer vous voir un jour vous produire dans nos belles contr\u00e9es, et particuli\u00e8rement au festival Rock In Opposition de Carmaux o\u00f9 vous auriez toute votre place, mais qui sait si un jour\u2026<\/strong><\/p>","protected":false},"excerpt":{"rendered":"<p>A l\u2019occasion de la sortie de 3 , le dernier album de Factor Burzaco, l\u2019\u00e9quipe&#8230;<\/p>\n","protected":false},"author":49,"featured_media":21803,"comment_status":"closed","ping_status":"open","sticky":false,"template":"","format":"standard","meta":[],"categories":[4],"tags":[],"acf":[],"_links":{"self":[{"href":"https:\/\/www.chromatique.net\/index.php\/wp-json\/wp\/v2\/posts\/21802"}],"collection":[{"href":"https:\/\/www.chromatique.net\/index.php\/wp-json\/wp\/v2\/posts"}],"about":[{"href":"https:\/\/www.chromatique.net\/index.php\/wp-json\/wp\/v2\/types\/post"}],"author":[{"embeddable":true,"href":"https:\/\/www.chromatique.net\/index.php\/wp-json\/wp\/v2\/users\/49"}],"replies":[{"embeddable":true,"href":"https:\/\/www.chromatique.net\/index.php\/wp-json\/wp\/v2\/comments?post=21802"}],"version-history":[{"count":0,"href":"https:\/\/www.chromatique.net\/index.php\/wp-json\/wp\/v2\/posts\/21802\/revisions"}],"wp:featuredmedia":[{"embeddable":true,"href":"https:\/\/www.chromatique.net\/index.php\/wp-json\/wp\/v2\/media\/21803"}],"wp:attachment":[{"href":"https:\/\/www.chromatique.net\/index.php\/wp-json\/wp\/v2\/media?parent=21802"}],"wp:term":[{"taxonomy":"category","embeddable":true,"href":"https:\/\/www.chromatique.net\/index.php\/wp-json\/wp\/v2\/categories?post=21802"},{"taxonomy":"post_tag","embeddable":true,"href":"https:\/\/www.chromatique.net\/index.php\/wp-json\/wp\/v2\/tags?post=21802"}],"curies":[{"name":"wp","href":"https:\/\/api.w.org\/{rel}","templated":true}]}}