{"id":21794,"date":"2014-04-06T00:00:00","date_gmt":"2014-04-05T22:00:00","guid":{"rendered":"http:\/\/chromatique.net\/wp-content\/uploads\/2020\/04\/fce4e149ee75fa54c1d29e3336ea26f9_XL.jpg"},"modified":"2014-04-06T00:00:00","modified_gmt":"2014-04-05T22:00:00","slug":"21794","status":"publish","type":"post","link":"https:\/\/www.chromatique.net\/index.php\/2014\/04\/06\/21794\/","title":{"rendered":"Lazuli &#8211; L\u2019herbe plus grasse ailleurs ?"},"content":{"rendered":"\n<p><strong>2009 marquait un nouveau d\u00e9part pour Lazuli. Apr\u00e8s un changement d\u2019effectif, le groupe sortait tout d\u2019abord <a href=\"component\/k2\/item\/12896?ItemId=12\" target=\"\u201d_blank\u201d\"><em>(4603 Battements)<\/em><\/a> en 2011, puis en 2013 un DVD, <em><a href=\"chroniques\/item\/14813-live--l%E2%80%99abeille-r%C3%B4de\" target=\"_blank\">Live @ l\u2019Abeille r\u00f4de<\/a><\/em>, enregistr\u00e9 en studio, et aujourd\u2019hui, le tout nouvel album <em><a href=\"chroniques\/item\/14814-tant-que-l%E2%80%99herbe-est-grasse\" target=\"_blank\">Tant que l\u2019herbe est grasse<\/a><\/em>. Soutenu par une tourn\u00e9e europ\u00e9enne, il devrait immanquablement permettre aux cinq de franchir une nouvelle \u00e9tape. Dominique Leonetti, auteur et interpr\u00e8te des textes cisel\u00e9s du groupe, nous expose le cas Lazuli. <br \/><br \/> Chromatique : <em>Tant que l\u2019herbe est grasse<\/em> est votre second disque avec cette nouvelle formation. Quelle est la raison de votre \u00ab semi-dissolution \u00bb en 2009 ? <br \/> Dominique Leonetti : <\/strong>Des m\u00e9sententes artistiques bien s\u00fbr, mais surtout de nombreuses raisons humaines et personnelles qui ont fini par avoir raison de notre histoire commune ! De toute fa\u00e7on, il y avait bien longtemps que Claude, Ged et moi avions la sensation de travailler \u00e0 trois. S\u2019il n\u2019y avait pas eu le plaisir de la sc\u00e8ne, le groupe aurait rendu les armes bien plus t\u00f4t. Il est toujours d\u00e9cevant de voir des histoires nous \u00e9chapper mais c\u2019est la vie. Aujourd\u2019hui, je m\u2019aper\u00e7ois que c\u2019\u00e9tait un mal pour un bien.<br \/><br \/> <strong>Apr\u00e8s cette s\u00e9paration, vous avez rapidement d\u00e9cid\u00e9 de continuer sous le nom de Lazuli. Comment s\u2019est pass\u00e9 le recrutement de nouveaux musiciens ? Cela a-t-il chang\u00e9 quelque chose dans la composition de <em>(4603 battements )<\/em> ?<\/strong><br \/> Nous connaissions Vincent (<em>Barnavol, batterie et percussions<\/em>) et Romain (<em>Thorel<\/em>, claviers, basse, cor) pour les avoir enregistr\u00e9s dans notre studio avec d\u2019autres formations. Quand le clash s\u2019est produit en 2009, nous avons naturellement pens\u00e9 \u00e0 ces deux loustics, artistiquement et humainement en parfaite harmonie avec notre vision de la vie et de la musique. Je pensais, avant 2009, que le travail de groupe ne pouvait passer que par des compromis et des discussions houleuses, que ce devait \u00eatre le lot de toute \u00ab communaut\u00e9 \u00bb. Bien que la r\u00e9alisation de tout projet passe in\u00e9vitablement par une phase de douleur, de remises en question, de choix \u00ab existentiels \u00bb, le changement avec la nouvelle \u00e9quipe fut radical, puisque pour la premi\u00e8re fois, nous avons travaill\u00e9 sereinement, ce qui m\u2019a lib\u00e9r\u00e9 dans l\u2019\u00e9criture. Tout est devenu plus spontan\u00e9 dans la r\u00e9alisation et l\u2019enregistrement des morceaux. <br \/><br \/> <strong>Vous autoproduisez vos disques. Est-ce un choix par d\u00e9faut ou est-ce d\u00e9lib\u00e9r\u00e9 ? Pensez-vous que le soutien d\u2019un label peut \u00eatre important dans certains cas ?<\/strong><br \/> Aujourd\u2019hui les labels n\u2019ont plus forc\u00e9ment les moyens de faire de la promo, leur pouvoir \u00e9tant totalement limit\u00e9. Les exp\u00e9riences \u00e0 ce niveau nous ont souvent d\u00e9\u00e7us, mais nous ont \u00e9galement forg\u00e9s. C\u2019est donc un choix aujourd\u2019hui d\u2019\u00eatre ind\u00e9pendant. Nous avons m\u00eame mont\u00e9 notre propre label (L\u2019Abeille r\u00f4de, du nom de notre studio). Nous avons r\u00e9guli\u00e8rement des propositions de contrat, mais nous attendons celle qui pourra vraiment \u00eatre d\u00e9cisive pour faire avancer notre histoire. Celle qui nous laissera notre libert\u00e9 artistique et dont la volont\u00e9 premi\u00e8re ne sera pas uniquement mercantile. Nous restons ouverts \u00e0 toutes id\u00e9es, mais pour l\u2019heure nous poursuivons notre bonhomme de chemin, accompagn\u00e9 de partenaires (distributeurs par exemple), sans signer d\u2019exclusivit\u00e9s. <br \/><br \/> <strong>Il ne doit pas \u00eatre facile pour un groupe autoproduit de vivre de sa musique. Quelles sont vos activit\u00e9s en-dehors de Lazuli ? <\/strong><br \/> Les concerts et les ventes de disques nous permettent de survivre. C\u2019est d\u00e9j\u00e0 une grande chose dans ce monde difficile. Chaque ann\u00e9e les choses \u00e9voluent mais nous savons que tout ceci est fragile. Alors nous vivons cela avec la conscience de la chance que nous avons. Il est donc primordial pour nous que les ventes de disques et les concerts continuent d\u2019augmenter. Claude, Ged et moi consacrons la majeure partie de notre temps \u00e0 Lazuli, le groupe est notre raison de vivre. Tout de m\u00eame, pour rendre la chose plus facile, Ged donne des cours, et Claude et moi travaillons encore de temps en temps comme ing\u00e9s son \u00e0 l\u2019Abeille r\u00f4de.  Vincent et Romain ont une vie ext\u00e9rieure au groupe plus intense, ils donnent des cours et jouent r\u00e9guli\u00e8rement dans d\u2019autres formations classiques ou autres.  Certaines choses nous aident aussi \u00e0 \u00e9claircir le tableau comme nos sponsors (c\u2019est tr\u00e8s r\u00e9cent) tel que les Guitares Godin, les batteries DW, les cymbales Paiste et les marimbas MalletKat. <br \/><br \/> <strong>Parlons maintenant de votre dernier disque \u00ab Tant que l\u2019herbe est grasse \u00bb. Y a-t-il un fil conducteur, un \u00ab concept \u00bb ? <\/strong><br \/> Non, si ce n\u2019est que cet album est encore une fois un regard sur l\u2019\u00eatre humain. Tout un concept, n\u2019est-ce pas ?<br \/><br \/> <strong>Dans la grande tradition du rock th\u00e9\u00e2tral \u00e0 la Ange, vous travaillez soigneusement vos paroles qui, dans l\u2019ensemble, sont plut\u00f4t pessimistes. Quelles sont vos sources d\u2019inspiration ? <\/strong><br \/> Les paroles sont en g\u00e9n\u00e9ral \u00e0 l\u2019origine de nos chansons. Je n\u2019imagine pas pouvoir chanter des mots sans sinc\u00e9rit\u00e9. J\u2019avoue qu\u2019il y a une certaine noirceur dans mes textes. Il est \u00e9vident que mes tristesses, mes col\u00e8res, mes angoisses, mes m\u00e9lancolies, sont un d\u00e9clencheur d\u2019\u00e9criture, une sorte d\u2019exutoire. Mes contemporains m\u2019inspirent plus que je ne le voudrais, quelquefois pour leur grandeur d\u2019\u00e2me, leur beaut\u00e9, leur amour mais le plus souvent pour leur absurdit\u00e9, leurs horreurs, leurs erreurs, leurs incoh\u00e9rences. Plus je regarde ce monde plus je suis d\u00e9concert\u00e9 et \u00e9prouve le besoin de le faire savoir \u00e0 ma mani\u00e8re. Je ne sais pas si cela fait avancer le Schmilblick mais le fait de le partager me fait du bien et j\u2019esp\u00e8re fait du bien \u00e0 d\u2019autres. Mon paradoxe est d\u2019aimer les gens et de d\u00e9tester l\u2019\u00eatre humain. <br \/><br \/> <strong>Fish chante sur la seconde partie de \u00ab J\u2019ai trouv\u00e9 ta faille \u00bb. Comment cette collaboration est-elle n\u00e9e ?<\/strong><br \/> Nous nous connaissons depuis 2007 car nous avions ouvert sa tourn\u00e9e fran\u00e7aise \u00e0 l\u2019\u00e9poque.  Il a tr\u00e8s rapidement \u00e9t\u00e9 g\u00e9n\u00e9reux avec nous et l\u2019id\u00e9e d\u2019oser parler d\u2019une collaboration est n\u00e9e il y a longtemps. Depuis, nous nous sommes r\u00e9guli\u00e8rement crois\u00e9s sur des festivals et nous avons souvent trinqu\u00e9 ensemble. C\u2019est lors d\u2019un repas avec Fish, au mois de novembre 2013, chez nos amis de <a href=\"https:\/\/www.facebook.com\/pages\/ARPEGIA\/208819609185294?fref=ts\" target=\"\u201d_blank\u201d\"> Arpegia <\/a> que la chose s\u2019est concr\u00e9tis\u00e9e. Nous avons toujours ador\u00e9 l\u2019homme et son travail, sa pr\u00e9sence sur notre album est un immense cadeau ! Nous avions d\u2019ailleurs donn\u00e9 un indice sur cette collaboration secr\u00e8te puisque la sortie de l\u2019album \u00e9tait annonc\u00e9e pour le 1er avril.<br \/><br \/> <strong>Outre la qualit\u00e9 des textes, \u00ab Tant que l\u2019herbe est grasse \u00bb et \u00ab A Feast of Consequences \u00bb ont d\u2019autres points communs, comme un travail important sur les atmosph\u00e8res, le contraste entre les diff\u00e9rents passages, tant\u00f4t d\u00e9pouill\u00e9s, tant\u00f4t explosifs. C\u2019est assez flagrant sur les deux derniers titres. Trouvez-vous cette comparaison pertinente ? Vous sentez-vous proches musicalement d\u2019un artiste comme Fish ? Vous consid\u00e9rez-vous comme un groupe \u00ab engag\u00e9 \u00bb ? <\/strong><br \/> Je suis flatt\u00e9 que tu puisses parler de points communs entre Fish et nous !!! J\u2019ai \u00e9cout\u00e9 <em>A Feast of Consequences<\/em> apr\u00e8s avoir \u00e9crit notre album et je dois dire qu\u2019en le d\u00e9couvrant, je me suis senti tout petit, tant ce disque est magnifique et tant le magn\u00e9tisme de Fish est grand ! La comparaison me g\u00e8ne et me rend fier \u00e0 la fois ! Oui, nous nous sentons proche d\u2019un artiste comme Fish car il correspond \u00e0 ce que nous attendons de la musique ; \u00e0 savoir qu\u2019elle soit riche de ses racines, tout en \u00e9tant dans son \u00e9poque et avec un pied dans l\u2019avenir. Fish sait faire cela, comme des Peter Gabriel ou autres Radiohead\u2026 Les nuances dont tu parles, communes \u00e0 nos univers, sont je pense impos\u00e9es par les textes et par l\u2019envie de se laisser emporter dans une sorte d\u2019oc\u00e9an musical avec ses eaux tant\u00f4t paisibles, tant\u00f4t tumultueuses. Quant \u00e0 savoir si nous sommes engag\u00e9s ou pas, tout d\u00e9pend ce que l\u2019on entend par ce terme. J\u2019emploie rarement le premier degr\u00e9 dans les textes. En g\u00e9n\u00e9ral le ton n\u2019est pas vindicatif comme chez de nombreux chanteurs engag\u00e9s. Mais notre engagement est total, oui, quand nous parlons d\u2019\u00e9cologie dans \u00ab On nous ment comme on respire \u00bb, de l\u2019irrationalit\u00e9 des hommes dans \u00ab Je te laisse ce monde \u00bb dans \u00ab D\u00e9raille \u00bb, dans \u00ab Multicol\u00e8re \u00bb, dans \u00ab Homo sapiens \u00bb, de la condition f\u00e9minine dans \u00ab Prisonni\u00e8re d\u2019une cellule m\u00e2le \u00bb, de la d\u00e9rive du monde moderne dans \u00ab Chansons nettes \u00bb, dans \u00ab Le miroir aux alouettes \u00bb, etc. <br \/><br \/> <strong>Les aspects \u00e9lectroniques et <em>world<\/em> sont plus discrets depuis <em>(4603 battements )<\/em> , au profit des guitares. <em>Tant que l\u2019herbe est grasse<\/em> laisse lui aussi plus de place \u00e0 un rock moderne. Est-ce volontaire, ou s\u2019agit-il d\u2019une \u00e9volution naturelle ?<\/strong><br \/> Ce n\u2019est pas r\u00e9fl\u00e9chi, pas pr\u00e9m\u00e9dit\u00e9, simplement le r\u00e9sultat du moment. Tu as raison, la part <em>electro<\/em> et <em>world<\/em> est toujours l\u00e0 mais plus en demi teinte. Nous ne nous imposons rien, si ce n\u2019est essayer de retranscrire nos sentiments, nos sensations. Cette fois-ci, je suis d\u2019accord avec toi, l\u2019album a cette couleur rock moderne. <br \/><br \/> <strong>Consid\u00e9rant la sophistication de votre musique, le soin apport\u00e9 aux textes et aux arrangements, on aurait tendance \u00e0 vouloir vous coller l\u2019\u00e9tiquette \u00ab art rock \u00bb. Est-ce un qualificatif qui vous convient ? A quel genre musical vous identifiez-vous le plus ?<\/strong><br \/> Comment se choisir une \u00e9tiquette sans qu\u2019elle ne soit trop r\u00e9ductrice ou, si on s\u2019en invente une, trop pompeuse ! S\u2019il faut s\u2019en coller une,  et bien \u00ab Prog \u00ab ou \u00ab Art Rock \u00bb nous va tr\u00e8s bien, nous l\u2019acceptons avec fiert\u00e9, dans le sens o\u00f9 ce courant r\u00e9unit tant de choses \u00e9clectiques, et tant de groupes qui nous ont nourris. En tout cas la famille du Prog nous a accueillis \u00e0 bras ouvert et nous aimons le respect et la passion qui la caract\u00e9rise. <br \/><br \/> <strong>A peine <em>Tant que l\u2019herbe est grasse<\/em> est-il sorti que vous allez d\u00e9marrer une tourn\u00e9e europ\u00e9enne. Rares sont les groupes fran\u00e7ais qui tournent \u00e0 l\u2019\u00e9tranger. Peut-on en d\u00e9duire que vos disques sont en g\u00e9n\u00e9ral bien re\u00e7us dans les pays que vous visitez ? Ou est-ce votre r\u00e9putation de groupe de sc\u00e8ne qui joue en votre faveur ? <\/strong><br \/> Je pense que nos concerts pass\u00e9s en sont \u00e0 l\u2019origine. Je reste persuad\u00e9 que la sc\u00e8ne est le seul et v\u00e9ritable endroit o\u00f9 l\u2019on peut faire ses preuves. Mais aujourd\u2019hui, c\u2019est un m\u00e9lange des deux car nos disques circulent de plus en plus et aident \u00e0 pr\u00e9sent \u00e0 remplir les salles. <br \/><br \/> <strong>Vous partagez l\u2019affiche avec Moon Safari sur les dates anglaises. Comment ces concerts ont-ils \u00e9t\u00e9 organis\u00e9s ?  De fa\u00e7on g\u00e9n\u00e9rale, comment trouvez-vous des dates pour vous produire ? <strong><br \/> <\/strong><\/strong>La tourn\u00e9e anglaise avec Moon Safari est organis\u00e9 par The Merch Desk. Nellie Pitts  l\u2019organisatrice a fait un beau travail, soutenu par une journaliste Anglaise, Alison Henderson, et le magazine CLASSIC ROCK PROG. C\u2019est toujours symbolique et flippant pour un groupe fran\u00e7ais d\u2019aller jouer au pays des Beatles, et en l\u2019occurrence, l\u2019accueil qui nous a par deux fois d\u00e9j\u00e0 \u00e9t\u00e9 r\u00e9serv\u00e9 fut magnifique. Ce tour s\u2019annonce merveilleux, les r\u00e9servations vont d\u00e9j\u00e0 bon train ! Il est tr\u00e8s difficile de trouver des dates, la plupart du temps nos d\u00e9marches restent lettres mortes, surtout en France. Alors aujourd\u2019hui, nous avons pris le parti de laisser venir les propositions \u00e0 nous. Le bouche-\u00e0-oreille fait son travail. Nous devons beaucoup \u00e0 nos fans qui sont souvent les d\u00e9clencheurs de nouvelles histoires. Le plus serait aujourd\u2019hui d\u2019avoir des tourneurs qui nous permettraient d\u2019assouvir encore plus notre envie d\u2019\u00eatre sur sc\u00e8ne.<strong><strong><br \/><br \/> <strong>Outre la tourn\u00e9e qui s\u2019annonce, quels sont vos projets pour le futur ? <\/strong><br \/> <\/strong><\/strong>Nous avons pratiquement encha\u00een\u00e9 la r\u00e9alisation du DVD <em>Live @ l\u2019Abeille r\u00f4de<\/em> et celle de <em>Tant que l\u2019herbe est grasse<\/em>. Nous devons les faire vivre maintenant et nous concentrer sur les concerts. Donc pas de projet en tant que tel pour l\u2019instant, malgr\u00e9 les id\u00e9es qui \u00e9mergent d\u00e9j\u00e0.  Une paire de clips vid\u00e9o serait pourtant la bienvenue, mais nous n\u2019en avons pas les moyens \u00e0 ce jour. A voir. <strong><strong><br \/><br \/> <strong>Quelque chose \u00e0 ajouter ? Un dernier mot pour les lecteurs de Chromatique ?<\/strong><br \/> <\/strong><\/strong>C\u2019est un peu solennel mais sinc\u00e8re : faire de la musique, \u00e9crire des chansons n\u2019a de sens que si on le partage avec les autres. Alors MERCI \u00e0 vous tous qui faites vivre notre musique. <strong><strong><br \/><br \/> <strong>Merci infiniment !<\/strong><br \/> <\/strong><\/strong>Merci infiniment plus !<\/p>","protected":false},"excerpt":{"rendered":"<p>2009 marquait un nouveau d\u00e9part pour Lazuli. Apr\u00e8s un changement d\u2019effectif, le groupe sortait tout&#8230;<\/p>\n","protected":false},"author":14,"featured_media":21795,"comment_status":"closed","ping_status":"open","sticky":false,"template":"","format":"standard","meta":[],"categories":[4],"tags":[],"acf":[],"_links":{"self":[{"href":"https:\/\/www.chromatique.net\/index.php\/wp-json\/wp\/v2\/posts\/21794"}],"collection":[{"href":"https:\/\/www.chromatique.net\/index.php\/wp-json\/wp\/v2\/posts"}],"about":[{"href":"https:\/\/www.chromatique.net\/index.php\/wp-json\/wp\/v2\/types\/post"}],"author":[{"embeddable":true,"href":"https:\/\/www.chromatique.net\/index.php\/wp-json\/wp\/v2\/users\/14"}],"replies":[{"embeddable":true,"href":"https:\/\/www.chromatique.net\/index.php\/wp-json\/wp\/v2\/comments?post=21794"}],"version-history":[{"count":0,"href":"https:\/\/www.chromatique.net\/index.php\/wp-json\/wp\/v2\/posts\/21794\/revisions"}],"wp:featuredmedia":[{"embeddable":true,"href":"https:\/\/www.chromatique.net\/index.php\/wp-json\/wp\/v2\/media\/21795"}],"wp:attachment":[{"href":"https:\/\/www.chromatique.net\/index.php\/wp-json\/wp\/v2\/media?parent=21794"}],"wp:term":[{"taxonomy":"category","embeddable":true,"href":"https:\/\/www.chromatique.net\/index.php\/wp-json\/wp\/v2\/categories?post=21794"},{"taxonomy":"post_tag","embeddable":true,"href":"https:\/\/www.chromatique.net\/index.php\/wp-json\/wp\/v2\/tags?post=21794"}],"curies":[{"name":"wp","href":"https:\/\/api.w.org\/{rel}","templated":true}]}}