{"id":21613,"date":"2006-05-31T00:00:00","date_gmt":"2006-05-30T22:00:00","guid":{"rendered":"http:\/\/chromatique.net\/wp-content\/uploads\/2020\/04\/8ebf058f3a151054df23172718a89597_XL.jpg"},"modified":"2006-05-31T00:00:00","modified_gmt":"2006-05-30T22:00:00","slug":"21613","status":"publish","type":"post","link":"https:\/\/www.chromatique.net\/index.php\/2006\/05\/31\/21613\/","title":{"rendered":"Karcius &#8211; Karcius"},"content":{"rendered":"<p style=\"margin-top: 0px; margin-bottom: 10px;\"><span><strong>Origine :<\/strong> Canada<br \/><strong>Style :<\/strong> Jazz-rock, fusion progressive et m\u00e9lodique<br \/><strong>Form\u00e9 en :<\/strong> 2001<br \/><strong>Composition :<\/strong><br \/>Mingan Sauriol : claviers<br \/>Dominique Blouin : basse<br \/>Simon L\u2019Esp\u00e9rance : guitare<br \/>Thomas Brodeur : batterie<br \/><strong>Dernier album :<\/strong> <em>Sph\u00e8re<\/em> (2004)<\/span><\/p>\n<p style=\"margin-top: 10px; margin-bottom: 10px;\" align=\"justify\"><strong>L\u2019entretien qui va suivre r\u00e9pond \u00e0 la demande du groupe apr\u00e8s qu\u2019il ait lu sur le site de Progressia la chronique enthousiaste d\u00e9volue \u00e0 leur \u00e9tonnant et excellent premier album,\u00a0<em>Sph\u00e8re<\/em>. Ce dernier s\u2019attire en effet, depuis sa parution, les faveurs des critiques et des m\u00e9lomanes qui ont la chance de le d\u00e9couvrir. Dans ce contexte, la mention sur leur site Internet d\u2019un prochain disque dont la sortie pourrait s\u2019av\u00e9rer imminente ne peut que susciter l\u2019\u00e9moi et l\u2019int\u00e9r\u00eat! C\u2019est donc avec plaisir et avidit\u00e9 que nous allons essayer d\u2019en apprendre plus sur ces quatre canadiens et sur leur nouveau b\u00e9b\u00e9 avec un Dominique Blouin enjou\u00e9 pour r\u00e9pondre \u00e0 nos questions.<\/strong><\/p>\n<p><strong>Progressia : Pour commencer, pourriez-vous vous pr\u00e9senter un peu pour les lecteurs qui ne vous connaissent pas?\u00a0<br \/>Dominique Blouin:<\/strong> Bonjour, c\u2019est un plaisir de participer \u00e0 cette entrevue. Karcius est un groupe de musique instrumentale de Montr\u00e9al cr\u00e9\u00e9 sous l\u2019impulsions de quatre musiciens passionn\u00e9s qui existe depuis cinq ans: Dominique Blouin \u00e0 la basse, Thomas Brodeur aux percussions, Simon L\u2019esp\u00e9rance \u00e0 la guitare et Mingan Sauriol aux claviers.<\/p>\n<p><strong>Karcius, c\u2019est une activit\u00e9 \u00e0 plein temps? <\/strong><br \/>Malheureusement, bien qu\u2019il s\u2019agisse d\u2019un projet s\u00e9rieux, nous n\u2019avons pas la chance de nous y consacrer \u00e0 temps plein, car nous \u00e9tudions et travaillons tous. L\u2019id\u00e9al serait bien s\u00fbr de pouvoir faire de Karcius notre principale activit\u00e9, mais il est extr\u00eamement difficile d\u2019y arriver dans un monde musical aussi restreint, surtout au Qu\u00e9bec. Cependant, Simon consacre \u00e0 l\u2019heure actuelle beaucoup de temps en studio pour la pr\u00e9paration du prochain album qui devrait \u00eatre plus que satisfaisant.\u00a0<\/p>\n<p><strong>Ce n\u2019est s\u00fbrement pas la premi\u00e8re fois que l\u2019on vous demande la provenance du mot<em>Karcius<\/em>. Quelle est-elle? <\/strong><br \/>L\u2019imagination, voici la provenance de ce joli mot. Il symbolise l\u2019union des quatre musiciens que nous sommes et repr\u00e9sente leur univers charg\u00e9 de rythmes, de couleurs, d\u2019images, d\u2019ambiances et d\u2019\u00e9motions. Ce n\u2019est pas un mot que trouvera dans le dictionnaire. Toutefois, nous avons pu constater ult\u00e9rieurement qu\u2019il s\u2019agissait d\u2019un pr\u00e9nom d\u2019origine latine.\u00a0<\/p>\n<p><strong><em>Sph\u00e8re<\/em> est un v\u00e9ritable creuset d\u2019influences dont il est assez difficile de remonter toutes les pistes. Quels sont les artistes qui vous inspirent? <\/strong><br \/>Ce serait un exercice ardu que d\u2019\u00e9num\u00e9rer maintenant nos sources d\u2019inspirations tr\u00e8s vari\u00e9es. Donnez-nous quelques jours et nous vous posterons cinq pages pleines de r\u00e9f\u00e9rences provenant du rock, du jazz, du funk, des musiques du monde, du m\u00e9tal, du classique, du blues, sans oublier les musiques progressives, la fusion et les autres inclassables. Il est \u00e9vident que nous admirons certains musiciens en particulier, mais l\u00e0 encore, ils sont nombreux et issus de diff\u00e9rents milieux. Bref, nous \u00e9coutons beaucoup de musique et chacun de nous a ses pr\u00e9f\u00e9rences personnelles. En gros, nous transformons ces influences en cr\u00e9ant notre propre musique, en interpr\u00e9tant le tout de mani\u00e8re tr\u00e8s personnelle et en \u00e9vitant par-dessus tout de tomber dans les clich\u00e9s et la copie. Notre musique est heavy sans \u00eatre metal, certainement rock mais aussi jazzy, puis enfin, \u00e0 la fois \u00e9crite et improvis\u00e9e. Nous proposons un voyage \u00e0 l\u2019auditeur qui se fraye ainsi un chemin en fonction de ses perceptions et sentiments propres.\u00a0<\/p>\n<p><strong>Y a-t-il des artistes canadiens qui vous ont particuli\u00e8rement influenc\u00e9s ou qui continuent \u00e0 le faire?<\/strong><br \/>Bien s\u00fbr, notons Roch Voisine et C\u00e9line Dion pour ne nommer que ces artistes admirables. Dans un autre ordre d\u2019id\u00e9e, il serait peut-\u00eatre plus pertinent de mentionner RUSH qui n\u2019est pas trop mal non plus\u2026\u00a0<em>(grosse crise de rire)<\/em> <\/p>\n<p><strong>Votre site Internet t\u00e9moigne d\u2019une actualit\u00e9 tr\u00e8s riche. Quels sont en quelques lignes les \u00e9v\u00e9nements marquants et les r\u00e9ussites pour Karcius en ce d\u00e9but d\u2019ann\u00e9e 2006? <\/strong><br \/>Le d\u00e9but de l\u2019ann\u00e9e 2006 correspond \u00e0 la finalisation de notre prochain album qui verra le jour au printemps. Nous attendons ce moment avec impatience car nous sommes d\u00e9j\u00e0 tr\u00e8s satisfaits de notre travail, en tout point sup\u00e9rieur \u00e0 notre premier disque. Nous venons aussi de signer un contrat avec UNICORN Digital pour la r\u00e9\u00e9dition de\u00a0<em>Sph\u00e8re<\/em> qui subit pour l\u2019occasion une remasterisation et voit sa pochette l\u00e9g\u00e8rement modifi\u00e9e. Le concert donn\u00e9 \u00e0 cette occasion a d\u2019ailleurs \u00e9t\u00e9 tr\u00e8s favorablement per\u00e7u.<\/p>\n<p><strong>Cette signature d\u2019un contrat avec la maison de disque UNICORN Digital est toute r\u00e9cente. Faut-il se r\u00e9jouir d\u2019une telle nouvelle? Quelles en sont les implications? <\/strong><br \/>Bien s\u00fbr qu\u2019il faut s\u2019en r\u00e9jouir! Nous produisons et r\u00e9alisons nous-m\u00eames le prochain album, mais cette maison de disque nous permettra d\u2019obtenir une distribution performante dans plusieurs pays, notamment europ\u00e9ens, et la France fera partie des territoires cibl\u00e9s. Gr\u00e2ce \u00e0 eux, nous allons \u00e9galement b\u00e9n\u00e9ficier d\u2019une meilleure publicit\u00e9 dans le monde du progressif, ce qui est bien s\u00fbr primordial pour nous!<\/p>\n<p><strong>En quoi votre musique rejoint-elle celle des groupes de chez UNICORN Digital ? Que pensez-vous apporter de sp\u00e9cial \u00e0 leur catalogue? <\/strong><br \/>Nous devons avouer que nous ne nous identifions pas \u00e9norm\u00e9ment aux autres groupes de l\u2019\u00e9tiquette en question, malgr\u00e9 quelques rapprochements possibles avec certaines formations instrumentales. En effet, notre but est de cr\u00e9er un son bien \u00e0 nous qui laisse place \u00e0 une certaine originalit\u00e9. Nous pensons donc apporter une nouvelle saveur et une vision diff\u00e9rente \u00e0 ce qu\u2019on appelle le rock progressif. De plus, nous d\u00e9sirons accueillir un nouveau public, plus jeune, qui se fera une id\u00e9e plus positive de ce vaste style musical qui rend toutes les audaces possibles, mais qui est malheureusement \u00e9norm\u00e9ment d\u00e9cri\u00e9 de nos jours.\u00a0<strong>Si l\u2019on jette un oeil sur la liste des artistes qui composent cette maison de disque, on constate que peu mettent autant l\u2019accent que vous sur l\u2019instrumental. Regrettez-vous l\u2019absence de chant dans Karcius? <\/strong><br \/>Nous vous invitons \u00e0 d\u00e9couvrir davantage les artistes de cette maison de disque car vous serez surpris de constater qu\u2019elle pr\u00e9sente tout de m\u00eame quelques artistes qui se consacrent essentiellement \u00e0 la musique instrumentale, mais d\u2019une fa\u00e7on autre bien s\u00fbr. En ce qui nous concerne, nous avons d\u00e9j\u00e0 envisag\u00e9 l\u2019id\u00e9e d\u2019int\u00e9grer de la voix \u00e0 notre musique dans le pass\u00e9, mais nous sommes finalement rest\u00e9s fid\u00e8les \u00e0 l\u2019instrumental par conviction et esp\u00e9rons participer \u00e0 notre mani\u00e8re \u00e0 l\u2019essor de ce style per\u00e7u plut\u00f4t d\u00e9favorablement \u00e0 l\u2019heure actuelle.\u00a0<\/p>\n<p><strong>Vous en \u00eates bien conscient\u2026 vous annoncez un nouvel album pour bient\u00f4t\u2026 nous voulons des infos et nous allons vous harceler\u00a0<em>(rires)<\/em>! Que pouvez-vous d\u00e9voiler \u00e0 son propos? <\/strong><br \/>Ce sera un album qui vous fera voyager dans un univers musical vari\u00e9, dans lequel vous aurez l\u2019occasion de vous laisser bercer par de belles m\u00e9lodies par moments ou de recevoir une belle claque en pleine figure \u00e0 d\u2019autres. Nous pensons qu\u2019il plaira \u00e0 un large public et qu\u2019il fera positivement jaser !\u00a0<\/p>\n<p><strong>Une place importante a \u00e9t\u00e9 accord\u00e9e, dans\u00a0<em>Sph\u00e8re<\/em>, \u00e0 ces sons \u00e9th\u00e9r\u00e9s et polyphoniques qui entrent en contrepoint direct \u00e0 certains moments avec des guitares au son\u00a0<em>crunchy<\/em> et des rythmiques tr\u00e8s syncop\u00e9es. Pensez-vous r\u00e9employer cette recette ou nous pr\u00e9parez-vous de petites surprises? <\/strong><br \/>Nous pr\u00e9parons certainement quelques surprises. Toutefois, bien que notre fa\u00e7on de composer ait beaucoup \u00e9volu\u00e9, nous reprendrons certaines id\u00e9es qui rappellent quelques pi\u00e8ces de<em>Sph\u00e8re<\/em>, mais d\u2019une fa\u00e7on un peu diff\u00e9rente. Les oppos\u00e9s seront plus extr\u00eames cette fois. L\u2019interpr\u00e9tation est plus solide, le \u2018feeling\u2019 est plus pur, tout en laissant place \u00e0 une agressivit\u00e9 plus rigoureuse et \u00e0 des\u00a0<em>grooves<\/em> plus joyeux qui c\u00e8dent parfois \u00e0 des passages techniques, mais ressentis. Tous ceux qui ont aim\u00e9\u00a0<em>Sph\u00e8re<\/em> adoreront notre prochain album, nous sommes confiants !\u00a0<\/p>\n<p><strong>Pour terminer, vous vivez dans une r\u00e9gion francophone du Canada, ce qui ne peut que nous r\u00e9jouir. Entretenez-vous des liens particuliers avec la France et est-il question d\u2019une tourn\u00e9e en Europe dans un futur proche? <\/strong><br \/>Les liens ne se sont pas encore tr\u00e8s d\u00e9velopp\u00e9s avec les cousins fran\u00e7ais, mais la question d\u2019une tourn\u00e9e europ\u00e9enne n\u2019est qu\u2019une question de temps. D\u00e8s l\u2019an prochain, nous aimerions beaucoup faire quelques concerts en France et ailleurs en Europe. Nous prendrons s\u00e9rieusement les offres en consid\u00e9ration, mais nous devrons recevoir un minimum de financement pour rendre la chose possible. Notre but ultime est de nous r\u00e9v\u00e9ler sur la sc\u00e8ne internationale, rien de moins. Nous savons que notre musique sera tr\u00e8s bien accueillie dans certains pays et nous sommes r\u00e9alistes par rapport \u00e0 la situation difficile au Qu\u00e9bec : l\u2019obtention d\u2019un large public y est extr\u00eamement ardue. Heureusement les membres de ProgMontr\u00e9al, de ProgQu\u00e9bec et de UNICORN Digital sont d\u00e9vou\u00e9s \u00e0 la cause de la musique progressive dans notre r\u00e9gion et les choses sont en train de changer. Nous aurons d\u2019ailleurs l\u2019occasion de participer \u00e0 la premi\u00e8re \u00e9dition du FMPM (Festival des Musiques Progressives de Montr\u00e9al) vers la fin de l\u2019\u00e9t\u00e9. En fait, tout ne fait que commencer pour notre jeune formation et l\u2019avenir s\u2019annonce radieux et tumultueux!<\/p>\n","protected":false},"excerpt":{"rendered":"<p>Origine : CanadaStyle : Jazz-rock, fusion progressive et m\u00e9lodiqueForm\u00e9 en : 2001Composition :Mingan Sauriol :&#8230;<\/p>\n","protected":false},"author":41,"featured_media":21614,"comment_status":"closed","ping_status":"open","sticky":false,"template":"","format":"standard","meta":[],"categories":[4],"tags":[],"acf":[],"_links":{"self":[{"href":"https:\/\/www.chromatique.net\/index.php\/wp-json\/wp\/v2\/posts\/21613"}],"collection":[{"href":"https:\/\/www.chromatique.net\/index.php\/wp-json\/wp\/v2\/posts"}],"about":[{"href":"https:\/\/www.chromatique.net\/index.php\/wp-json\/wp\/v2\/types\/post"}],"author":[{"embeddable":true,"href":"https:\/\/www.chromatique.net\/index.php\/wp-json\/wp\/v2\/users\/41"}],"replies":[{"embeddable":true,"href":"https:\/\/www.chromatique.net\/index.php\/wp-json\/wp\/v2\/comments?post=21613"}],"version-history":[{"count":0,"href":"https:\/\/www.chromatique.net\/index.php\/wp-json\/wp\/v2\/posts\/21613\/revisions"}],"wp:featuredmedia":[{"embeddable":true,"href":"https:\/\/www.chromatique.net\/index.php\/wp-json\/wp\/v2\/media\/21614"}],"wp:attachment":[{"href":"https:\/\/www.chromatique.net\/index.php\/wp-json\/wp\/v2\/media?parent=21613"}],"wp:term":[{"taxonomy":"category","embeddable":true,"href":"https:\/\/www.chromatique.net\/index.php\/wp-json\/wp\/v2\/categories?post=21613"},{"taxonomy":"post_tag","embeddable":true,"href":"https:\/\/www.chromatique.net\/index.php\/wp-json\/wp\/v2\/tags?post=21613"}],"curies":[{"name":"wp","href":"https:\/\/api.w.org\/{rel}","templated":true}]}}