{"id":21597,"date":"2011-11-15T00:00:00","date_gmt":"2011-11-14T23:00:00","guid":{"rendered":"http:\/\/chromatique.net\/wp-content\/uploads\/2020\/04\/c3ac0a293a94f2d491f782b143a7dd04_XL.jpg"},"modified":"2011-11-15T00:00:00","modified_gmt":"2011-11-14T22:00:00","slug":"21597","status":"publish","type":"post","link":"https:\/\/www.chromatique.net\/index.php\/2011\/11\/15\/21597\/","title":{"rendered":"Marco Minnemann &#8211; Bilan de comp\u00e9tences"},"content":{"rendered":"\n<p><strong>Si vous avez suivi (avec passion ou non) les auditions de Dream Theater, vous n\u2019avez pas pu passer \u00e0 c\u00f4t\u00e9 de Marco Minnemann, ce bonhomme souriant, autour duquel un grand \u00e9lan de sympathie s\u2019est form\u00e9. On le sait, c\u2019est Mike Mangini qui a \u00e9t\u00e9 choisi, mais depuis, le batteur allemand est sollicit\u00e9 de toutes parts. Alors que vient de sortir le premier album de son groupe The Aristocrats, nous l\u2019avons retrouv\u00e9 \u00e0 Paris, quelques heures avant qu\u2019il ne monte sur sc\u00e8ne avec Steven Wilson. L\u2019occasion pour nous d\u2019\u00e9voquer sa pr\u00e9sence ici, les dessous de son audition avec Dream Theater et l\u2019avenir de The Aristocrats.<\/strong><br \/><br \/> <strong>Chromatique : Marco, tout d\u2019abord, un grand merci de nous accorder cet entretien improvis\u00e9. Franchement, apr\u00e8s ton audition avec Dream Theater, t\u2019attendais-tu \u00e0 un tel pl\u00e9biscite ? Pour certains, le doute n\u2019\u00e9tait pas permis : tu \u00e9tais l\u2019\u00e9lu ! On a du mal \u00e0 croire, avec ce qu\u2019on a vu \u00e0 dans le documentaire <em>The Spirit Carries On<\/em> que tu n\u2019aies pas \u00e9t\u00e9 choisi. <br \/> Marco Minnemann<\/strong> : Oh, c\u2019est avec plaisir pour l\u2019entretien, surtout que je ne connaissais pas votre site. Pour autant, j\u2019ai lu votre chronique, mais il va falloir maintenant que je me penche s\u00e9rieusement dessus avec cet entretien. <em>(visiblement g\u00ean\u00e9)<\/em> Pour ce qui est de Dream Theater, que dire si ce n\u2019est merci ? J\u2019avoue que tout cet engouement m\u2019a \u00e9norm\u00e9ment surpris mais, pour \u00eatre tout \u00e0 fait franc, cette histoire va bien plus loin que le cadre simple de l\u2018audition. Il s\u2019est r\u00e9ellement cr\u00e9\u00e9 un courant entre nous, un vrai plaisir de part et d\u2019autre. Cela dit, il a bien fallu mettre les choses au point. Si j\u2019\u00e9tais choisi, Dream Theater devait devenir ma priorit\u00e9 absolue, tout le reste passant apr\u00e8s. Or, j\u2019ai ma carri\u00e8re solo. The Aristocrats vient de sortir son premier album. Tout \u00e7a est tr\u00e8s important pour moi, je ne peux pas le rel\u00e9guer au second plan, sans compter que je vis en Californie et que les musiciens de Dream Theater sont \u00e0 New York. J\u2019en ai parl\u00e9 \u00e0 Jordan Rudess, qui est un ami tr\u00e8s cher, lui expliquant qu\u2019au vu des conditions impos\u00e9es, il \u00e9tait difficile d\u2019accepter. J\u2019ai pr\u00e9f\u00e9r\u00e9 \u00eatre honn\u00eate. De plus, et je vais sans doute surprendre plus d\u2019un lecteur, je ne suis pas fan de Dream Theater. Je n\u2019ai aucun de leurs disques, except\u00e9 un que l\u2019on m\u2019a offert. Je ne connais aucun de leurs albums, aucun titre. Du coup, ils se sont sentis un peu g\u00ean\u00e9s et \u00e9tonn\u00e9s quand je le leur ai confess\u00e9. C\u2019\u00e9tait une situation impr\u00e9vue et un peu amusante, je le conc\u00e8de. J\u2019ai pass\u00e9 un bon moment avec ces gars, et si j\u2019avais vraiment voulu d\u00e9crocher le job, je l\u2019aurais eu. Mais comme je le disais, la relation que j\u2019ai avec Jordan d\u00e9passe le cadre, trop formel \u00e0 mon go\u00fbt, de l\u2019audition. D\u2019ailleurs, je profite de l\u2019occasion pour te dire que Jordan, John Petrucci et moi-m\u00eame devrions collaborer sur un prochain projet ; c\u2019est dire si l\u2019alchimie \u00e9tait pr\u00e9sente ! On me parle tr\u00e8s souvent de ces quelques secondes de film o\u00f9 l\u2019on nous voit improviser ensemble. C\u2019est clair c\u2019\u00e9tait magique, mais maintenant que tu connais ma position, penses-tu vraiment que j\u2019aurais \u00e9t\u00e9 \u00e9panoui dans ce contexte ? Je n\u2019en suis pas si s\u00fbr. Il faut que je clarifie un autre point : j\u2019ai auditionn\u00e9 parce que Jordan me l\u2019a demand\u00e9. Vu qu\u2019on bossait ensemble, il m\u2019a propos\u00e9 de venir faire un bout d\u2019essai, histoire de voir ce que \u00e7a donnerait. Lorsqu\u2019on a jou\u00e9, je me suis demand\u00e9 si remplacer un type qui \u00e9tait l\u00e0 pendant vingt-cinq ans correspondait vraiment \u00e0 mon souhait le plus cher. De la m\u00eame mani\u00e8re, je ne voulais pas forc\u00e9ment \u00eatre la cinqui\u00e8me roue d\u2019un carrosse qui est sur les routes depuis bien longtemps, et sacrifier pour cela mes autres projets. Bon ok, si c\u2019est Sting ou The Police je r\u00e9fl\u00e9chirai \u00e0 deux fois (<em>Rires<\/em>) !<br \/><br \/> <strong>Parlons maintenant de ta pr\u00e9sence sur la tourn\u00e9e de Steven Wilson. De quelle mani\u00e8re s\u2019est fait le contact ?<\/strong><br \/> C\u2019est vrai que cela peut para\u00eetre surprenant. Steven m\u2019a appel\u00e9 dans un premier temps et son management a pris la rel\u00e8ve, ils tenaient \u00e0 ce que je sois le batteur de cette tourn\u00e9e. Je n\u2019ai pas auditionn\u00e9 pour ce projet. J\u2019ai rencontr\u00e9 Steven par la suite et l\u2019osmose fut totale tant sur le plan musical qu\u2019humain. Et je dois te le dire : cette tourn\u00e9e est magnifique. Je ne veux surtout pas g\u00e2cher l\u2019effet de surprise mais ce que tu vas voir ce soir est d\u2019une beaut\u00e9 rare. <br \/><br \/> <strong>Pour autant, est-il surprenant de voir un musicien, <em>a priori<\/em> rompu \u00e0 l\u2019exercice de musiques tr\u00e8s techniques, dans une telle formation ? Ton pass\u00e9 discographique plaide pour des genres bien plus tordus\u2026 <\/strong><br \/> Mais je comprends tout \u00e0 fait ! Ce qu\u2019il te faut savoir c\u2019est que nous avons tous une grande marge de man\u0153uvre au sein de ce groupe. On est assez libre de nos mouvements et je suis s\u00fbr que le concert de ce soir ach\u00e8vera de convaincre les plus sceptiques ! Certains morceaux nous laissent la possibilit\u00e9 de nous l\u00e2cher un peu, donc on en profite autant que faire se peut. <br \/><br \/> <strong>On en vient maintenant aux Aristocrats. D\u00e8s l\u2019annonce de la cr\u00e9ation de ce super groupe, l\u2019attente a \u00e9t\u00e9 grande\u2026 le premier album est maintenant sorti, quels sont les retours ? <\/strong><br \/> Je pense qu\u2019il y a une certaine magie autour de ce trio. C\u2019est bizarre mais parfois des personnes se rencontrent et l\u2019alchimie est \u00e0 la fois imm\u00e9diate et totale. Bryan, Guthrie et moi-m\u00eame attirons beaucoup l\u2019attention dans nos projets respectifs, et le fait est que notre association attise les curiosit\u00e9s, notamment pour ce qui concerne Guthrie. Pourquoi ? Parce qu\u2019il n\u2019a pas enregistr\u00e9 de disques depuis des ann\u00e9es ! Le contexte nous est donc favorable. Bryan et moi nous connaissions d\u00e9j\u00e0 d\u2019une pr\u00e9c\u00e9dente collaboration avec Mike Keneally (Steve Vai, Frank Zappa\u2026). Nous contribuons \u00e0 part \u00e9gale \u00e0 l\u2019\u00e9criture : chacun a \u00e9crit trois titres qu\u2019il a ensuite soumis aux autres. Je pense que les gens seront curieux de voir ce que cette association donne sur sc\u00e8ne. <br \/><br \/> <strong>D\u2019apr\u00e8s ce que j\u2019ai compris, The Aristocrats est n\u00e9 \u00e0 la suite d\u2019un impr\u00e9vu qui a ensuite vir\u00e9 au <em>happy end<\/em> \u2026 <\/strong><br \/> Exactement. Au d\u00e9part, Greg Howe \u00e9tait cens\u00e9 \u00eatre le guitariste de ce groupe. Il a d\u00fb annuler sa participation \u00e0 un concert. Il nous fallait donc trouver un rempla\u00e7ant digne de ce nom et ce fut Guthrie. Quand nous avons commenc\u00e9 \u00e0 jouer ensemble cette petite flamme s\u2019est allum\u00e9e et voil\u00e0 o\u00f9 nous en sommes aujourd\u2019hui\u2026 d\u00e9sol\u00e9 Greg (<em>Rires<\/em>). Aujourd\u2019hui, par la force des choses et les heureuses cons\u00e9quences n\u00e9es de certaines rencontres, nous sommes plus expos\u00e9s que par le pass\u00e9. C\u2019est \u00e0 la fois b\u00e9n\u00e9fique et agr\u00e9able pour nous. Pourvu que \u00e7a dure ! <br \/><br \/> <strong>On vous le souhaite ! Aura-t-on le plaisir de vous voir en France ? <\/strong><br \/> C\u2019est actuellement \u00e0 l\u2019\u00e9tude. Si tout se passe bien, nous serons en France en mars prochain. J\u2019invite tes lecteurs \u00e0 venir au concert, c\u2019est une exp\u00e9rience qu\u2019ils ne voudront s\u00fbrement pas manquer. Nous annon\u00e7ons les titres des morceaux sur sc\u00e8ne, le public pourra ainsi voir la diff\u00e9rence d\u2019\u00e9criture de chacun d\u2019entre nous. Nous jouerons l\u2019int\u00e9gralit\u00e9 de l\u2019album ainsi que des nouveaux extraits du prochain disque. <br \/><br \/> <strong>The Aristocrats est-il ton seul groupe \u00e0 l\u2019heure actuelle ? <\/strong><br \/> Oui, j\u2019y suis tr\u00e8s \u00e9panoui. Chacun d\u2019entre nous est libre d\u2019\u00e9crire et de composer comme il le sent et a une r\u00e9elle envie de jouer ce qu\u2019ont \u00e9crit les autres. Je le mets au m\u00eame niveau que mes projets solo. Un nouveau disque sortira d\u2019ailleurs en d\u00e9cembre prochain : <em>Evil Smiles of Beauty<\/em>.<br \/><br \/> <strong>Le fait d\u2019avoir \u00e9t\u00e9 l\u2019un des candidats choisis pour auditionner avec Dream Theater t\u2019a-t-il ouvert des portes ? J\u2019imagine que les sollicitations sont nombreuses maintenant\u2026<\/strong><br \/> Oui, je ne vais pas le nier, \u00e7a a \u00e9t\u00e9 un d\u00e9clencheur, et effectivement, je re\u00e7ois pas mal de demandes concernant des collaborations potentielles. Cela \u00e9tant, je voudrais dire que je n\u2019ai pas appr\u00e9ci\u00e9 et je n\u2019appr\u00e9cie toujours pas la mani\u00e8re dont ces auditions ont \u00e9t\u00e9 pr\u00e9sent\u00e9es. Ce c\u00f4t\u00e9 t\u00e9l\u00e9-r\u00e9alit\u00e9 m\u2019a vraiment d\u00e9plu. Nous \u00e9tions parvenu \u00e0 un accord avec le management, via e-mail sur le fait que si je n\u2019aimais pas tel ou tel passage, je b\u00e9n\u00e9ficiais d\u2019un droit de regard et <em>in extenso<\/em> de veto, sur le montage final. Apr\u00e8s avoir vu la vid\u00e9o mont\u00e9e, je leur ai dit : \u00ab\u00a0<em> Merci les gars, c\u2019\u00e9tait pas si mal que \u00e7a, vous pouvez l\u2019enlever du montage <\/em>\u00bb ce \u00e0 quoi le management m\u2019a r\u00e9pondu : \u00ab\u00a0<em>Non, \u00e7a figurera sur le documentaire <\/em>\u00bb. J\u2019ai donc brandi mon droit de veto \u00e9voqu\u00e9 pr\u00e9c\u00e9demment tandis qu\u2019eux ont invoqu\u00e9 le contrat sign\u00e9 au pr\u00e9alable avant de passer l\u2019audition. En gros j\u2019avais c\u00e9d\u00e9 mon droit \u00e0 l\u2019image. C\u2019est le m\u00eame proc\u00e9d\u00e9 utilis\u00e9 dans <em>American Idol<\/em> (<em>ndlr: \u00e9quivalent de la Nouvelle Star outre-Atlantique<\/em>). Tous les autres candidats se sont faits flouer de la m\u00eame mani\u00e8re. \u00c7a n\u2019enl\u00e8ve rien aux moments pass\u00e9s avec Dream Theater, mais savoir que leur management fait des coups en douce peut \u00e9corner leur image ou celle de ceux qui travaillent avec eux. Cette mani\u00e8re de proc\u00e9der est un v\u00e9ritable coup de vice. Jamais nous n\u2019avions re\u00e7u de contrat pr\u00e9alable. Le seul que nous ayons sign\u00e9 nous avait \u00e9t\u00e9 soumis cinq minutes avant de commencer l\u2019audition : il stipulait que les candidats \u00e9taient d\u2019accord pour figurer sur le DVD. Je suis venu de Californie, je n\u2019allais tout de m\u00eame pas faire marche arri\u00e8re apr\u00e8s tout ce trajet. Quand ils m\u2019ont dit que j\u2019allais \u00eatre film\u00e9 dans le cadre d\u2019un DVD documentaire, je n\u2019\u00e9tais pas chaud du tout et ai donc exig\u00e9 un droit de regard. Tout cela ne m\u2019a vraiment pas enchant\u00e9, j\u2019en ai parl\u00e9 \u00e0 Jordan et \u00e0 John Petrucci. Ils ne sont pas en premi\u00e8re ligne dans cette affaire mais je leur ai dit le fond de ma pens\u00e9e. Au final, cela m\u2019a permis d\u2019avoir une bonne publicit\u00e9, je ne vais pas le nier, et aussi de pouvoir collaborer dans un futur proche avec de tr\u00e8s grands musiciens.<br \/><br \/> <strong>Un dernier mot pour nos lecteurs ? <\/strong><br \/> Ce que tu veux mais pas en fran\u00e7ais (<em>Rires<\/em>) ! Je l\u2019ai perdu il y a des ann\u00e9es de cela, tu ne m\u2019en voudras pas si je peux m\u2019\u00e9viter un moment de solitude (<em>Rires<\/em>). Plus s\u00e9rieusement, j\u2019esp\u00e8re qu\u2019ils prendront autant de plaisir \u00e0 lire cette interview que j\u2019ai eu \u00e0 la faire. Je vous donne rendez vous \u2013 croisons les doigts \u2013 en mars prochain avec The Aristocrats.<\/p>","protected":false},"excerpt":{"rendered":"<p>Si vous avez suivi (avec passion ou non) les auditions de Dream Theater, vous n\u2019avez&#8230;<\/p>\n","protected":false},"author":9,"featured_media":21598,"comment_status":"closed","ping_status":"open","sticky":false,"template":"","format":"standard","meta":[],"categories":[4],"tags":[],"acf":[],"_links":{"self":[{"href":"https:\/\/www.chromatique.net\/index.php\/wp-json\/wp\/v2\/posts\/21597"}],"collection":[{"href":"https:\/\/www.chromatique.net\/index.php\/wp-json\/wp\/v2\/posts"}],"about":[{"href":"https:\/\/www.chromatique.net\/index.php\/wp-json\/wp\/v2\/types\/post"}],"author":[{"embeddable":true,"href":"https:\/\/www.chromatique.net\/index.php\/wp-json\/wp\/v2\/users\/9"}],"replies":[{"embeddable":true,"href":"https:\/\/www.chromatique.net\/index.php\/wp-json\/wp\/v2\/comments?post=21597"}],"version-history":[{"count":0,"href":"https:\/\/www.chromatique.net\/index.php\/wp-json\/wp\/v2\/posts\/21597\/revisions"}],"wp:featuredmedia":[{"embeddable":true,"href":"https:\/\/www.chromatique.net\/index.php\/wp-json\/wp\/v2\/media\/21598"}],"wp:attachment":[{"href":"https:\/\/www.chromatique.net\/index.php\/wp-json\/wp\/v2\/media?parent=21597"}],"wp:term":[{"taxonomy":"category","embeddable":true,"href":"https:\/\/www.chromatique.net\/index.php\/wp-json\/wp\/v2\/categories?post=21597"},{"taxonomy":"post_tag","embeddable":true,"href":"https:\/\/www.chromatique.net\/index.php\/wp-json\/wp\/v2\/tags?post=21597"}],"curies":[{"name":"wp","href":"https:\/\/api.w.org\/{rel}","templated":true}]}}