{"id":21591,"date":"2016-02-03T00:00:00","date_gmt":"2016-02-02T23:00:00","guid":{"rendered":"http:\/\/chromatique.net\/wp-content\/uploads\/2020\/04\/c01935d287f99c3dd88753fd4b526798_XL.jpg"},"modified":"2016-02-03T00:00:00","modified_gmt":"2016-02-02T22:00:00","slug":"21591","status":"publish","type":"post","link":"https:\/\/www.chromatique.net\/index.php\/2016\/02\/03\/21591\/","title":{"rendered":"Agent Fresco &#8211; Interview de \u00deo\u0301rarinn Gu\u00f0nason"},"content":{"rendered":"\n<p><strong>A l\u2019occasion de leur tourn\u00e9e europ\u00e9enne, qui suit la sortie de leur album <em>Destrier<\/em>, les Islandais d\u2019Agent Fresco ont pos\u00e9 leurs valises au Klub, \u00e0 Paris, pour un concert \u00e0 la fois intimiste et survolt\u00e9. \u00deo\u0301rarinn Gu\u00f0nason, dit T\u00f3ti, le guitariste-clavi\u00e9rist<\/strong><strong>e-arrangeur-compositeur du groupe, est revenu pour Chromatique sur la gen\u00e8se de l\u2019album et un \u00e9tat des lieux de l\u2019\u00e9tonnante sc\u00e8ne musicale islandaise.<\/strong><br \/><br \/> <strong>L\u2019Islande est un pays d\u2019\u00e0 peine plus de trois cent mille habitants, qui regorge pourtant d\u2019artistes iconiques et originaux comme Bj\u00f4rk, Sigur R\u00f3s ou encore S\u00f3lstafir. Peux-tu nous en dire un peu plus sur la sc\u00e8ne musicale islandaise ?<br \/><\/strong>C\u2019est une sc\u00e8ne qui est tr\u00e8s ouverte. Il y a certes peu de gens et donc peu de groupes, mais une grande diversit\u00e9 musicale et tous les genres se m\u00e9langent. Par exemple, nous avons d\u00e9j\u00e0 jou\u00e9 avec des groupes de hip-hop. Il n\u2019y a pas vraiment d\u2019argent \u00e0 se faire avec la musique, alors chacun fait ce qui lui pla\u00eet et n\u2019essaye pas de faire de pop format\u00e9e qui rapporte. Pas de grands labels en Islande, que des petits locaux. <br \/><br \/> <strong>En parlant de m\u00e9lange des genres, Agent Fresco pr\u00e9sente une grande diversit\u00e9 musicale. Mais quelles sont vos influences principales ?<\/strong><br \/> Elles viennent de partout, car on peut trouver de la beaut\u00e9 dans tous les genres musicaux. Je pense que je suis tr\u00e8s influenc\u00e9 par la musique classique, et nous avons tous une formation en jazz. Arno\u0301r, notre chanteur, a \u00e9galement \u00e9tudi\u00e9 le chant lyrique. <br \/><br \/> <strong>Comment le groupe s\u2019est-il form\u00e9 ?<\/strong><br \/> Nous nous sommes tous rencontr\u00e9s pendant notre formation musicale, m\u00eame si nous formons un m\u00e9lange assez \u00e9trange et d\u00e9tonnant. Nous n\u2019avions jamais entendu Arno\u0301r auparavant, nous savions qu\u2019il chantait et nous lui avons juste demand\u00e9 s\u2019il voulait rejoindre le groupe. Il a \u00e9cout\u00e9 ce que nous faisions, \u00e7a lui a beaucoup plu et nous avons accroch\u00e9 tout de suite. Nous avons mont\u00e9 le groupe \u00e0 Reykjavik, m\u00eame si je viens moi-m\u00eame du nord de l\u2019Islande. Arno\u0301r a grandi au Danemark avant de r\u00e9emm\u00e9nager en Islande. <br \/><br \/> <strong>A quelles difficult\u00e9s se heurtent les groupes qui veulent percer dans un pays comme l\u2019Islande ?<\/strong><br \/> C\u2019est effectivement assez difficile. Il y a quand m\u00eame un certain nombre de lieux pour jouer, ou du moins il y en avait auparavant. Avec le d\u00e9veloppement du tourisme en Islande, de nombreux h\u00f4tels ont \u00e9t\u00e9 construits et beaucoup de salles de concert ont ferm\u00e9. Ce qui est ridicule, car les touristes viennent pour la culture, et ces h\u00f4tels la d\u00e9truisent. Mais il reste quand m\u00eame une belle \u00e9nergie, la culture y est vibrante. <br \/><br \/> <strong>Avant Destrier, vous aviez sorti <em>A Long Time Listening<\/em> il y a cinq ans. Qu\u2019avez-vous fait pendant tout ce temps ?<\/strong><br \/> Nous avons beaucoup jou\u00e9. J\u2019ai \u00e9crit la plupart des parties instrumentales jusqu\u2019en 2013, que nous avons quasiment toutes enregistr\u00e9es dans la foul\u00e9e. Mais Arno\u0301r a eu des probl\u00e8mes avec les paroles, il n\u2019y arrivait pas. Il essayait d\u2019\u00e9crire mais il a eu de graves soucis personnels, il a d\u00fb lutter contre une spirale infernale d\u2019\u00e9motions n\u00e9gatives, de col\u00e8re, \u00e7a a \u00e9t\u00e9 tr\u00e8s dur pour lui comme pour nous. Cependant, au final, quelque chose de tr\u00e8s beau en a \u00e9merg\u00e9. Je pense que nous en avons tous beaucoup appris. <br \/><br \/> <strong>Tu en as d\u00e9j\u00e0 touch\u00e9 quelques mots, mais peux-tu nous d\u00e9crire le processus cr\u00e9atif derri\u00e8re <em>Destrier<em> ?<\/em><\/em><\/strong><em><em><br \/> <\/em><\/em>J\u2019ai donc \u00e9crit la plupart des parties instrumentales, puis Arno\u0301r a \u00e9crit la partie chant et les paroles. Nous avons un fonctionnement assez diff\u00e9rent, je pense, de la majorit\u00e9 des groupes de rock qui cr\u00e9ent ensemble en salle de r\u00e9p\u00e9tition. Nous avons une fa\u00e7on de fonctionner qui se rapproche de l\u2019\u00e9criture du classique m\u00eame si ce n\u2019est pas ce que nous faisons. <em><em><br \/><br \/> <\/em><\/em><strong>Y a-t-il un th\u00e8me, un concept qui sous-tend l\u2019album ?<\/strong><br \/> En effet. Il y a des paroles fortes, des id\u00e9es et concepts musicaux auxquels nous faisons r\u00e9f\u00e9rence tout au long de l\u2019album, comme \u00e0 son d\u00e9but par exemple : des s\u00e9ries harmoniques qui refont surface \u00e7a et l\u00e0 tout au long des morceaux. Je trouve cela vraiment beau, j\u2019aime beaucoup exploiter ce concept. Au niveau des paroles, beaucoup d\u2019entre elles parlent de vivre avec sa col\u00e8re, g\u00e9rer son anxi\u00e9t\u00e9. C\u2019est \u00e9videmment un th\u00e8me tr\u00e8s personnel pour Arno\u0301r, cela l\u2019a aid\u00e9 \u00e0 travailler sur ses \u00e9motions. Cela se ressent beaucoup tout au long de l\u2019album selon moi. <br \/><br \/> <strong>A la lumi\u00e8re de ces \u00e9l\u00e9ments, pourquoi avoir appel\u00e9 l\u2019album Destrier ? Et quelle est la signification de la pochette, cette femme au visage cach\u00e9 par les flammes ?<strong><br \/> <\/strong><\/strong>Le titre se r\u00e9f\u00e8re aux chevaux de guerre,  qui sont dress\u00e9s pour, dont le seul but \u00e9tait de foncer dans la bataille et mourir, ce qui refl\u00e8te bien toutes ces id\u00e9es de col\u00e8re, d\u2019angoisse, de guerre contre soi-m\u00eame. La pochette repr\u00e9sente le m\u00eame \u00e9tat d\u2019esprit : les flammes qui recouvrent le visage repr\u00e9sentent ces \u00e9motions, cette col\u00e8re qui te submergent, te consument, t\u2019\u00e9touffent et contr\u00f4lent toutes tes pens\u00e9es. <strong><strong><br \/><br \/> E<\/strong>n prenant un peu de recul par rapport \u00e0 la sortie de l\u2019album, quels sont tes retours sur la fa\u00e7on dont il a \u00e9t\u00e9 re\u00e7u et per\u00e7u ?<strong><br \/> <\/strong><\/strong>C\u2019est tout bonnement incroyable ! Pour le premier album, on n\u2019avait pas de label pour distribuer au-del\u00e0 de l\u2019Islande, aucun agent en Europe. On a essay\u00e9 d\u2019avoir des retours sur le disque par nous-m\u00eame, mais c\u2019est difficile de le faire par ses propres moyens. Seules quelques personnes en Europe avaient entendu parler de nous, mais l\u00e0, on a des bons retours de partout, c\u2019est incroyable, \u00e7a nous permet de tourner. On va essayer de faire plus de sets acoustiques, on aime beaucoup \u00e7a. On en a fait pas mal en Islande, avec un swing quartet. Je trouve que cela permet de mieux mettre en valeur l\u2019\u00e9motion qui se d\u00e9gage, les paroles des chansons. C\u2019est une toute autre atmosph\u00e8re. <strong><strong><br \/><br \/> <\/strong>Vous \u00eates au c\u0153ur d\u2019une grande tourn\u00e9e, ce qui n\u2019aurait pas \u00e9t\u00e9 possible avec le premier album comme tu l\u2019indiquais. Quel est le profil type d\u2019un amateur d\u2019Agent Fresco ?<strong><br \/> <\/strong><\/strong>Notre audience est tr\u00e8s diversifi\u00e9e. Il y a des personnes de tout \u00e2ge, de tout milieu qui viennent nous \u00e9couter. C\u2019est peut-\u00eatre pour cela qu\u2019il est compliqu\u00e9 de nous apposer un label en mati\u00e8re de type musical ! Notre musique attire un vaste spectre d\u2019auditeurs. <br \/><strong><br \/> Vous allez tourner avec Coheed and Cambria en Allemagne en 2016. Comment cela s\u2019est-il organis\u00e9 ? Comment avez-vous pu \u00eatre mis en relation avec ce groupe, dont le style musical est tr\u00e8s diff\u00e9rent du v\u00f4tre ?<strong><br \/> <\/strong><\/strong>C\u2019est gr\u00e2ce \u00e0 nos managements respectifs, d\u2019o\u00f9 l\u2019importance d\u2019avoir un bon agent ! C\u2019est une immense opportunit\u00e9 pour nous de pouvoir tourner avec un groupe de cette importance. On a vraiment h\u00e2te d\u2019y \u00eatre, on va pouvoir toucher encore plus de gens !<\/p>","protected":false},"excerpt":{"rendered":"<p>A l\u2019occasion de leur tourn\u00e9e europ\u00e9enne, qui suit la sortie de leur album Destrier, les&#8230;<\/p>\n","protected":false},"author":50,"featured_media":21592,"comment_status":"closed","ping_status":"open","sticky":false,"template":"","format":"standard","meta":[],"categories":[4],"tags":[],"acf":[],"_links":{"self":[{"href":"https:\/\/www.chromatique.net\/index.php\/wp-json\/wp\/v2\/posts\/21591"}],"collection":[{"href":"https:\/\/www.chromatique.net\/index.php\/wp-json\/wp\/v2\/posts"}],"about":[{"href":"https:\/\/www.chromatique.net\/index.php\/wp-json\/wp\/v2\/types\/post"}],"author":[{"embeddable":true,"href":"https:\/\/www.chromatique.net\/index.php\/wp-json\/wp\/v2\/users\/50"}],"replies":[{"embeddable":true,"href":"https:\/\/www.chromatique.net\/index.php\/wp-json\/wp\/v2\/comments?post=21591"}],"version-history":[{"count":0,"href":"https:\/\/www.chromatique.net\/index.php\/wp-json\/wp\/v2\/posts\/21591\/revisions"}],"wp:featuredmedia":[{"embeddable":true,"href":"https:\/\/www.chromatique.net\/index.php\/wp-json\/wp\/v2\/media\/21592"}],"wp:attachment":[{"href":"https:\/\/www.chromatique.net\/index.php\/wp-json\/wp\/v2\/media?parent=21591"}],"wp:term":[{"taxonomy":"category","embeddable":true,"href":"https:\/\/www.chromatique.net\/index.php\/wp-json\/wp\/v2\/categories?post=21591"},{"taxonomy":"post_tag","embeddable":true,"href":"https:\/\/www.chromatique.net\/index.php\/wp-json\/wp\/v2\/tags?post=21591"}],"curies":[{"name":"wp","href":"https:\/\/api.w.org\/{rel}","templated":true}]}}