{"id":21577,"date":"2011-08-30T00:00:00","date_gmt":"2011-08-29T22:00:00","guid":{"rendered":"http:\/\/chromatique.net\/wp-content\/uploads\/2020\/04\/af715f1ebba76733f6db619744b4c79f_XL.jpg"},"modified":"2011-08-30T00:00:00","modified_gmt":"2011-08-29T22:00:00","slug":"21577","status":"publish","type":"post","link":"https:\/\/www.chromatique.net\/index.php\/2011\/08\/30\/21577\/","title":{"rendered":"Leprous &#8211; Sur la voie de la reconnaissance"},"content":{"rendered":"\n<p><strong>Origine :<\/strong> Norv\u00e8ge <br \/><strong>Style :<\/strong> Metal Progressif   <strong><br \/>Form\u00e9 en :<\/strong> 2001 <strong><br \/>Composition :<\/strong> Einar Solberg (chant, claviers), Tor Oddmund Suhrke (guitare), Rein Blomquist (basse), \u00d8ystein Landsverk (guitare), Tobias \u00d8rnes Andersen (batterie) <br \/> <strong>Dernier album :<\/strong> <a href=\"index.php?option=com_k2&amp;view=item&amp;id=13044:bilateral&amp;Itemid=12\" target=\"_blank\"><em>Bilateral<\/em><\/a> (2011) <br \/><br \/> <strong>Jeunes pousses du prog-metal \u00e0 tendance barr\u00e9, les Norv\u00e9giens de Leprous nous ont prouv\u00e9 avec <em>Tall Poppy Syndrome<\/em> que le genre pouvait encore se renouveler.  Trois ans plus tard, c\u2019est avec <em>Bilateral<\/em> qu\u2019ils vont tenter de confirmer les espoirs plac\u00e9s en eux, et c\u2019est <strong>\u00d8<\/strong>ystein, guitariste du groupe, qui nous en parle.<\/strong><br \/><br \/> <strong>Chromatique : <em>Tall Poppy Syndrome<\/em> pla\u00e7ait la barre tr\u00e8s haut pour un jeune groupe. Avec le recul, \u00eates-vous satisfaits de l\u2019accueil qui lui a \u00e9t\u00e9 r\u00e9serv\u00e9?<\/strong><br \/> <strong>\u00d8ystein Landsverk : <\/strong>Nous n\u2019avions pas d\u2019immenses attentes \u00e0 ce sujet mais avons obtenu un certain nombre d\u2019excellentes chroniques. C\u2019est \u00e9videmment toujours valorisant et motivant lorsque les gens appr\u00e9cient ce sur quoi tu as durement travaill\u00e9. Malgr\u00e9 tout, <em>a posteriori<\/em>, au regard de l\u2019orientation qu\u2019a pris <em>Bilateral<\/em>, nous aurions peut-\u00eatre fait les choses diff\u00e9remment\u2026<br \/><br \/> <strong>Pour ce deuxi\u00e8me album, vous avez sign\u00e9 chez Inside Out. Comment abordez-vous cette nouvelle \u00e9tape et qu\u2019attendez-vous de cette collaboration ?<\/strong><br \/> Nous continuons simplement \u00e0 faire ce que nous faisions auparavant et appr\u00e9cions le fait que notre musique sera probablement disponible pour un public encore plus large. Nous attendons donc surtout une meilleure distribution et, avec un peu de chance, de plus en plus de gens entendrons parler de nous. Un plus gros label pour une plus grosse promotion en somme.<br \/><br \/> <strong>A plus d\u2019un titre, la pochette de <em>Bilateral<\/em> est surprenante. Y a-t-il une signification derri\u00e8re celle-ci, et ne craignez-vous pas que son aspect \u00e9trange cr\u00e9e des <em>a priori<\/em> aupr\u00e8s de certaines personnes ? <\/strong><br \/> Si quelqu\u2019un est sensible et \u00e9troit d\u2019esprit au point de rejeter un album seulement pour sa pochette, je ne suis pas certain qu\u2019il soit pr\u00eat \u00e0 entendre ce que l\u2019on propose. Et concernant sa signification, je pense que tenter de l\u2019analyser en diminuerait l\u2019impact, nous en laissons donc la libre interpr\u00e9tation \ud83d\ude09 <br \/><br \/> <strong>Il semble que <em>Tall Poppy Syndrome<\/em> ait subi un long <em>process<\/em> de composition, avec des modifications de derni\u00e8re minute. <em>Bilateral<\/em> vous est-il venu plus spontan\u00e9ment, ou est-ce le fruit d\u2019une longue r\u00e9flexion ? De mani\u00e8re plus g\u00e9n\u00e9rale, avez-vous modifi\u00e9 vos m\u00e9thodes de travail ?<\/strong><br \/> Nos m\u00e9thodes de travail n\u2019ont pas r\u00e9ellement chang\u00e9. Nous avons simplement continu\u00e9 sur la m\u00eame voie, peu importe o\u00f9 celle-ci nous m\u00e8ne. Une personne apporte une id\u00e9e, en ayant r\u00e9fl\u00e9chi ou pas aux autres instruments, et le reste du groupe  s\u2019en sert comme base de travail.<br \/><br \/> <strong>Que signifie \u00ab\u00a0Bilateral\u00a0\u00bb ? Y a-t-il un concept derri\u00e8re ce terme ou cela symbolise-t-il  simplement votre schizophr\u00e9nie, cette alternance entre m\u00e9lodies <em>catchy<\/em> et <em>riffs<\/em> malsains ?<\/strong><br \/> Il y a un peu de \u00e7a, mais c\u2019est un th\u00e8me qui revient \u00e0 la fois dans notre musique et dans nos paroles. Ce n\u2019est pas un concept album. Cependant, un certain nombre de textes peuvent correspondre au terme \u00ab\u00a0Bilateral\u00a0\u00bb. De par la coh\u00e9rence de ce mot avec notre musique, nous avons trouv\u00e9 que c\u2019\u00e9tait un nom appropri\u00e9 pour le disque. Cela dit, ce genre de chose et souvent plus sympa \u00e0 chercher par soi-m\u00eame, donc \u00e0 nouveau, nous en laissons la libre interpr\u00e9tation \ud83d\ude09<br \/><br \/> <strong>Vous semblez tr\u00e8s concern\u00e9s par le fait de briser les conventions pour respecter une d\u00e9marche \u00ab\u00a0prog\u00a0\u00bb avant-gardiste. Cela signifie-t-il qu\u2019aucun album de Leprous ne ressemblera au pr\u00e9c\u00e9dent ? Cela ne risque-t-il pas de vous emp\u00eacher d\u2019avoir un style, une personnalit\u00e9 bien d\u00e9finie ?<\/strong><br \/> Je pense que tu te m\u00e9prends un peu. Nous n\u2019essayons et ne nous for\u00e7ons pas \u00e0 casser des soi-disant \u00ab\u00a0conventions\u00a0\u00bb, nous ne suivons pas une approche clairement d\u00e9finie. Les choses se font spontan\u00e9ment. Evidemment, nous nous effor\u00e7ons de ne pas copier nos albums pr\u00e9c\u00e9dents, mais ce n\u2019est pas r\u00e9ellement une r\u00e8gle ou un leitmotiv. Nous cr\u00e9ons ce qui nous vient \u00e0 l\u2019esprit, tant que cela nous semble naturel, qu\u2019il y a du <em>groove<\/em> et de l\u2019originalit\u00e9. Nous \u00e9laborons un son, donc nous n\u2019acceptons pas tout et faisons un peu de tri \ud83d\ude09<br \/><br \/> <strong>Vous utilisez la trompette sur \u00ab\u00a0Thorn\u00a0\u00bb, Ihsahn quant \u00e0 lui a int\u00e9gr\u00e9 avec succ\u00e8s le saxophone \u00e0 son album solo\u2026 Ces m\u00e9langes d\u2019instruments \u00e0 vent et de metal sont trop rares et d\u00e9gagent une puissance \u00e9tonnante. Pensez-vous pousser l\u2019exp\u00e9rimentation dans ce sens dans le futur ?<\/strong><br \/> Compl\u00e8tement. Comme je le mentionnais plus t\u00f4t, nous additionnons tout ce qui nous semble manquer \u00e0 la composition. Si c\u2019est une trompette, nous l\u2019ajoutons. Ceci dit on essaye de ne pas trop en faire non plus, de mani\u00e8re \u00e0 pouvoir respecter le plus possible le contenu de l\u2019album en <em>live<\/em>. Notre musique est tellement ouverte d\u2019esprit qu\u2019accueillir un nouvel instrument \u00e0 bord n\u2019est jamais compliqu\u00e9 !<br \/><br \/> <strong>Il semble que sur cet album vous ayez mis l\u2019accent sur les m\u00e9lodies pop, les ch\u0153urs travaill\u00e9s pour une musique plus directe. Si l\u2019album conserve quelques accents noirs, il reste globalement plus positif. Etait-ce une d\u00e9marche volontaire ?<\/strong><br \/> Cela s\u2019est probablement av\u00e9r\u00e9 \u00eatre plus positif, mais ce n\u2019\u00e9tait pas particuli\u00e8rement notre volont\u00e9 au d\u00e9part. Tous ces changements furent le fruit d\u2019une \u00e9volution naturelle en tant que groupe. Mais nous sommes aujourd\u2019hui plus conscients de ce qui convient \u00e0 une chanson, et c\u2019est peut \u00eatre cela qui a accru l\u2019aspect pop et accrocheur des morceaux. \u00ab\u00a0Waste of air\u00a0\u00bb peut cependant servir de contre-exemple, dans une autre direction \ud83d\ude09 [<em>Ndlr : Nous vous en laissons la surprise<\/em>]<br \/><br \/> <strong>En France, vous aviez ouvert pour Therion l\u2019ann\u00e9e derni\u00e8re. Comment d\u00e9cririez-vous l\u2019exp\u00e9rience, le public de Therion a-t-il bien accueilli un groupe fonci\u00e8rement diff\u00e9rent et plus complexe ?<\/strong><br \/> C\u2019\u00e9tait une excellente exp\u00e9rience, sans doute la plus belle, d\u2019autant que c\u2019\u00e9tait notre toute premi\u00e8re tourn\u00e9e et que le groupe a de nombreux fans. Nous avons jou\u00e9 sur six dates, rencontr\u00e9 de nombreux fans enthousiastes et avons tr\u00e8s bien mang\u00e9. Evidemment, comme dans toute musique, certains aiment et d\u2019autres pas. Quoiqu\u2019il en soit, on a pris beaucoup de plaisir \u00e0 faire quelque chose de tr\u00e8s excitant et d\u2019in\u00e9dit pour nous.<br \/><br \/> <strong>Y a t-il d\u00e9j\u00e0 des plans pour une prochaine tourn\u00e9e?<\/strong><br \/> Appr\u00e9ciant \u00e9norm\u00e9ment de jouer en <em>live<\/em>, nous saisirons donc la moindre chance qui se pr\u00e9sentera \u00e0 nous ! Et surtout, accueillez-nous chaleureusement !<br \/><br \/> <strong>Qu\u2019avez-vous appris sur sc\u00e8ne aux c\u00f4t\u00e9s d\u2019Ihsahn (les membres de Leprous font partie du groupe live d\u2019Ihsahn, <em>ndlr<\/em>) ?<\/strong><em><em><br \/> <\/em><\/em>Nous avons eu beaucoup de bons moments en concert, \u00e0 jouer sur les plus grandes sc\u00e8nes du coin. C\u2019est un d\u00e9marrage en trombe pour un groupe de notre taille, et c\u2019\u00e9tait fantastique non seulement en terme d\u2019apprentissage, mais \u00e9galement pour notre motivation. On a pris tout cela tr\u00e8s s\u00e9rieusement, d\u00e8s le d\u00e9part, et cela s\u2019est av\u00e9r\u00e9 payant au-del\u00e0 de ce que l\u2019on imaginait.<br \/><em><em><br \/> <\/em><\/em><strong>Merci de nous avoir consacr\u00e9 un peu de temps, \u00e0 bient\u00f4t en tourn\u00e9e !<\/strong><\/p>","protected":false},"excerpt":{"rendered":"<p>Origine : Norv\u00e8ge Style : Metal Progressif Form\u00e9 en : 2001 Composition : Einar Solberg&#8230;<\/p>\n","protected":false},"author":24,"featured_media":21578,"comment_status":"closed","ping_status":"open","sticky":false,"template":"","format":"standard","meta":[],"categories":[4],"tags":[],"acf":[],"_links":{"self":[{"href":"https:\/\/www.chromatique.net\/index.php\/wp-json\/wp\/v2\/posts\/21577"}],"collection":[{"href":"https:\/\/www.chromatique.net\/index.php\/wp-json\/wp\/v2\/posts"}],"about":[{"href":"https:\/\/www.chromatique.net\/index.php\/wp-json\/wp\/v2\/types\/post"}],"author":[{"embeddable":true,"href":"https:\/\/www.chromatique.net\/index.php\/wp-json\/wp\/v2\/users\/24"}],"replies":[{"embeddable":true,"href":"https:\/\/www.chromatique.net\/index.php\/wp-json\/wp\/v2\/comments?post=21577"}],"version-history":[{"count":0,"href":"https:\/\/www.chromatique.net\/index.php\/wp-json\/wp\/v2\/posts\/21577\/revisions"}],"wp:featuredmedia":[{"embeddable":true,"href":"https:\/\/www.chromatique.net\/index.php\/wp-json\/wp\/v2\/media\/21578"}],"wp:attachment":[{"href":"https:\/\/www.chromatique.net\/index.php\/wp-json\/wp\/v2\/media?parent=21577"}],"wp:term":[{"taxonomy":"category","embeddable":true,"href":"https:\/\/www.chromatique.net\/index.php\/wp-json\/wp\/v2\/categories?post=21577"},{"taxonomy":"post_tag","embeddable":true,"href":"https:\/\/www.chromatique.net\/index.php\/wp-json\/wp\/v2\/tags?post=21577"}],"curies":[{"name":"wp","href":"https:\/\/api.w.org\/{rel}","templated":true}]}}