{"id":21555,"date":"2011-04-18T00:00:00","date_gmt":"2011-04-17T22:00:00","guid":{"rendered":"http:\/\/chromatique.net\/wp-content\/uploads\/2020\/04\/12654\/110216_AvivGeffen_Interview-6.jpg"},"modified":"2011-04-18T00:00:00","modified_gmt":"2011-04-17T22:00:00","slug":"21555","status":"publish","type":"post","link":"https:\/\/www.chromatique.net\/index.php\/2011\/04\/18\/21555\/","title":{"rendered":"Aviv Geffen (Blackfield) &#8211; M\u00eames ingr\u00e9dients, nouvelle recette"},"content":{"rendered":"\n<p><strong>Il aura fallu attendre quatre ans pour voir arriver un nouvel album de Blackfield. Quatre longues ann\u00e9es durant lesquelles personne ne pouvait \u00eatre certain qu\u2019un potentiel successeur serait donn\u00e9 aux deux chef d\u2019\u0153uvres pop du duo Aviv Geffen\/Steven Wilson. Mais quelques semaines avant la sortie de <em>Welcome to my DNA<\/em>, Chromatique.net a eu l\u2019occasion de s\u2019entretenir avec Aviv Geffen pour faire le point avec un musicien dont la r\u00e9serve n\u2019aura de cesse de nous \u00e9tonner.<br \/><br \/> Chromatique : Commen\u00e7ons dans le vif du sujet avec une question qui a br\u00fbl\u00e9 les l\u00e8vres de nombre de lecteurs. Pourquoi tant de temps s\u2019est-il \u00e9coul\u00e9 depuis l\u2019album pr\u00e9c\u00e9dent ? <br \/><\/strong> <strong>Aviv Geffen :<\/strong> Steven et moi avons chacun une carri\u00e8re personnelle \u00e0 mener. Il tournait avec Porcupine Tree tandis que j\u2019ai eu une ann\u00e9e tr\u00e8s charg\u00e9e, sur la route avec U2 et Placebo, sans parler de la sortie de mon nouvel album. Mais Blackfield reste pour nous quelque chose de tr\u00e8s s\u00e9rieux. Nous souhaitons vraiment donner le meilleur de ce que nous avons. Nous avions commenc\u00e9 ce travail comme un <em>side-project<\/em>, mais c&rsquo;est d\u00e9sormais un v\u00e9ritable projet pour nous, un travail \u00e0 plein temps. Nous avons pr\u00e9venu les membres respectifs de nos groupes que nous consacrerions une ann\u00e9e enti\u00e8re \u00e0 Blackfield, et nous sommes sur le point d\u2019entamer la tourn\u00e9e la plus longue que nous ayons jamais faite, en Europe et en Am\u00e9rique. Nous n&rsquo;avons jamais jou\u00e9 au Canada ni au Mexique. C&rsquo;est tr\u00e8s excitant ! <br \/><br \/> <strong>Raconte-nous un peu ta tourn\u00e9e avec Placebo et U2. Comment se sent-on lorsqu\u2019on ouvre pour deux groupes aussi c\u00e9l\u00e8bres ? <br \/><\/strong> C&rsquo;\u00e9tait un pas de g\u00e9ant pour moi. Pour leur premi\u00e8re partie, U2 avait le choix entre Lenny Kravitz, les Foo Fighters et moi&#8230; Et c&rsquo;est moi qu&rsquo;ils ont choisi ! Je n&rsquo;en revenais pas ! Pour Placebo la tourn\u00e9e s\u2019est d\u00e9roul\u00e9e avec beaucoup moins de s\u00e9rieux, je me suis vraiment amus\u00e9 avec eux, ce sont des types que j&rsquo;adore. <br \/><br \/> <strong>Penses-tu qu&rsquo;un jour Blackfield atteindra une notori\u00e9t\u00e9 comparable \u00e0 celle de ces deux groupes ? <br \/><\/strong> Pour ce qui est de Placebo, je pense que d&rsquo;ici quelques ann\u00e9es nous pourrons atteindre leur niveau. Je ne suis pas certain en revanche que nous souhaitions vraiment atteindre la notori\u00e9t\u00e9 de U2. Il faut arriver \u00e0 parler \u00e0 tout le monde, et pour \u00e7a il faut arriver \u00e0 \u00e9crire ces chansons. Regarde Radiohead, ils sont tr\u00e8s connus et auraient pu atteindre le niveau de U2. Mais Thom Yorke a une personnalit\u00e9 tr\u00e8s particuli\u00e8re, qui ressort dans ses morceaux. Je ne pense pas qu&rsquo;il souhaite s\u2019adresser \u00e0 tout le monde, comme le fait Bono. Pourtant ils le pourraient. Personnellement, je pr\u00e9f\u00e8re m&rsquo;arr\u00eater au niveau de Placebo. En termes de spectateurs, j&rsquo;aimerais pouvoir jouer de mani\u00e8re r\u00e9guli\u00e8re devant 2000 personnes. Et c\u2019est ce que nous atteignons d\u00e9j\u00e0 dans certaines villes ! <br \/><br \/> <strong>Parlons du nouvel album. Il est bien plus progressif que les pr\u00e9c\u00e9dents&#8230;<br \/><\/strong> Progressif ? Non ! Il est tr\u00e8s inspir\u00e9 de Pink Floyd ou encore des Beach Boys. Mais pas de progressif ! <br \/><br \/> <strong>Disons que les ambiances sur <em>Welcome to my DNA<\/em> sont bien plus vari\u00e9es que les deux pr\u00e9c\u00e9dents. <em>I<\/em> et <em>II<\/em> \u00e9taient tr\u00e8s homog\u00e8nes, celui-ci est tr\u00e8s diff\u00e9rent. Avez-vous cherch\u00e9 \u00e0 \u00eatre radicalement diff\u00e9rents des deux autres ? <br \/><\/strong> Je suis cette fois l&rsquo;auteur de la majorit\u00e9 des chansons, Steven n&rsquo;ayant compos\u00e9 que \u00ab\u00a0Waving\u00a0\u00bb. J&rsquo;ai engag\u00e9 quarante-deux musiciens d&rsquo;orchestre, cordes et vents, car je reste convaincu que Blackfield m\u00e9rite ces orchestrations. Il nous aura fallu deux albums pour atteindre la perfection du son que nous avons atteinte avec <em>Welcome to my DNA<\/em>. C&rsquo;est le travail dont nous sommes le plus fiers jusqu&rsquo;\u00e0 pr\u00e9sent. <br \/><br \/> <strong>Continuons sur les ambiances : les textes semblent plus sombres qu&rsquo;auparavant. Par exemple, les paroles de \u00ab\u00a0Go To Hell\u00a0\u00bb sont-elles destin\u00e9es \u00e0 quelqu&rsquo;un en particulier ? <br \/><\/strong> Oui, elles s\u2019adressent \u00e0 mes parents. J&rsquo;ai un fils de trois ans, Dylan. Je lui donne tout ce que je peux lui offrir ! Il est en quelque sorte une r\u00e9flexion invers\u00e9e de mon enfance. Mes parents \u00e9taient plus int\u00e9ress\u00e9s par la drogue et l&rsquo;alcool que par mon existence et lorsque je suis devenu p\u00e8re, j\u2019ai mesur\u00e9 \u00e0 quel point ils ne m&rsquo;avaient pas donn\u00e9 grand-chose. Quand je suis arriv\u00e9 au studio, j&rsquo;ai dit \u00e0 Steven : \u00ab Ecoute, je n&rsquo;ai pas besoin de beaucoup de textes, je vais aller droit au but et dire ce que j&rsquo;ai sur le coeur\u00a0\u00bb. C&rsquo;est une tr\u00e8s bonne th\u00e9rapie : \u00ab\u00a0Fuck you, go to hell\u00a0\u00bb. <br \/><br \/> <strong>Steven et toi \u00eates connus pour avoir des positions assez tranch\u00e9es sur la musique. Comment faites-vous pour vous accorder sur la composition ?<br \/><\/strong> Pas vraiment, nous \u00e9changeons beaucoup tous les deux, et nous apprenons l\u2019un de l\u2019autre. Dans un sens, nous nous respectons \u00e9norm\u00e9ment. Nous laissons l&rsquo;ego \u00e0 la maison pour venir au studio et donner le meilleur de nous-m\u00eames. Je lui ai appris pas mal de choses quand nous nous sommes rencontr\u00e9s pour la premi\u00e8re fois il ya maintenant quelques ann\u00e9es. Je me souviens, il \u00e9tait tout raide quand il jouait, et je lui ai dit : \u00ab\u00a0D\u00e9tend-toi mec, sois sexy ! Sois charismatique\u00a0\u00bb. Il est d\u00e9sormais tr\u00e8s diff\u00e9rent. <br \/><br \/> <strong>C&rsquo;est quelque chose qu&rsquo;il a lui-m\u00eame reconnu sur son DVD <em>Insurgentes<\/em> ! <br \/><\/strong> Je n&rsquo;ai pas encore r\u00e9ussi \u00e0 le d\u00e9courager de porter ses affreux t-shirts, mais j&rsquo;y travaille ! <em>(rires)<\/em> <br \/><br \/> <strong>Sur ta derni\u00e8re tourn\u00e9e, tu as jou\u00e9 une proportion importante de morceaux de Blackfield, en comparaison \u00e0 tes morceaux solo. Ne penses-tu pas avoir pris le risque de d\u00e9cevoir ? <br \/><\/strong> Je pense qu&rsquo;\u00e0 la sortie d&rsquo;un nouvel album, il faut y aller doucement en termes de promotion. Donner un avant-go\u00fbt de l&rsquo;album en <em>live<\/em> mais pas le jouer en int\u00e9gralit\u00e9, sinon il perd son int\u00e9r\u00eat en version studio. Et puis Blackfield est tr\u00e8s connu en Europe&#8230;<br \/><br \/> <strong>A ce propos, ne trouves-tu pas \u00e7a un peu paradoxal d&rsquo;\u00eatre une telle rock-star en Isra\u00ebl et d&rsquo;\u00eatre si peu connu en Europe ? <br \/><\/strong> Je re\u00e7ois beaucoup de mails d\u2019Europ\u00e9ens qui m&rsquo;appr\u00e9cient en tant qu&rsquo;artiste solo. Mais l&rsquo;un dans l&rsquo;autre, Blackfield c&rsquo;est aussi en grande partie Aviv Geffen. Les gens de l&rsquo;industrie de la musique et le public le savent. Pourtant, un groupe comme Blackfield ne pourrait jamais faire la premi\u00e8re partie de U2 parce que nous sommes trop indie. Mon album solo a \u00e9t\u00e9 diffus\u00e9 sur la BBC qui est pour moi la radio la plus snob de tous les temps. Croyez-moi, ils n&rsquo;auraient jamais os\u00e9 diffuser du Blackfield ! <br \/><br \/> <strong>Blackfield semble donc diff\u00e9rent de ta carri\u00e8re solo&#8230; Quelles sont tes inspirations lorsque tu composes pour un album de Blackfield ? <br \/><\/strong> Mes h\u00e9ros sont Pink Floyd, King Crimson, et Radiohead, mais aussi Jim Morrison et John Lennon. En dehors de ceux-ci, j\u2019aime des genres divers et vari\u00e9s, je peux trouver l&rsquo;inspiration dans les voix de Nick Cave et de Kurt Cobain. Je ne saurais pas vraiment donner une liste exhaustive. <br \/><br \/> <strong>Et en dehors de la musique ? Est-ce que tu tires de l&rsquo;inspiration d&rsquo;autres domaines comme des livres ou des films ? <br \/><\/strong> Mon film f\u00e9tiche est \u00ab\u00a0Forrest Gump\u00a0\u00bb. Steven d\u00e9teste quand je dis \u00e7a, pourtant pour moi c&rsquo;est l&rsquo;histoire des Etats-Unis : si tu es stupide, tu r\u00e9ussiras dans la vie ! En ce qui concerne les livres, je lis beaucoup de po\u00e9sie. En revanche, je n&rsquo;arrive pas \u00e0 lire des romans ou des essais. Il m\u2019est difficile de me concentrer. Je m&rsquo;ennuie vite en lisant et je me retrouve souvent \u00e0 repasser quatre foi surs la m\u00eame page. <br \/><br \/> <strong>Quel a \u00e9t\u00e9 le processus d&rsquo;\u00e9criture pour <em>Welcome to my DNA<\/em> ? Combien de temps l&rsquo;\u00e9criture de l&rsquo;album a-t-elle pris ? <br \/><\/strong> Il s\u2019agit un peu d\u2019un album concept. C&rsquo;est la premi\u00e8re fois que je souhaite vraiment montrer qui je suis, m&rsquo;exposer et exposer mon \u00e2me, d\u00e9crire les moments forts et les \u00e9pisodes traumatisants de ma vie. Sur les deux albums pr\u00e9c\u00e9dents je me cachais, que ce soit derri\u00e8re la musique ou derri\u00e8re Steven. Cette fois-ci, c&rsquo;est une v\u00e9ritable \u00e9volution pour moi, nous chantons ensemble, nous jouons ensemble et je fais partie int\u00e9grante du groupe. <br \/><br \/> <strong>Est-ce que cela a \u00e0 voir avec le titre de l\u2019album ? <br \/><\/strong> Pas vraiment, en fait. Le questionnement que j&rsquo;essaie de mettre en place est surtout : \u00ab\u00a0est-ce que tout est inscrit dans notre ADN, ou doit-on acqu\u00e9rir certains caract\u00e8res au cours de notre vie ?\u00a0\u00bb. Quels sont tes param\u00e8tres par d\u00e9faut ? Es-tu triste ? Es-tu joyeux ? Je vois certains de mes amis se promener dans la rue en sifflant le dernier album de 50 Cents et en \u00eatre heureux. Je suis jaloux ! J&rsquo;aimerais \u00eatre capable de ces bonheurs-l\u00e0, mais j\u2019en suis incapable, pour moi ce sont des \u00e2neries ! Comment ne pas voir le malheur dans le monde qui nous entoure ? Ils choisissent 50 cents, je choisis Pink Floyd. Je suis convaincu que c&rsquo;est inscrit dans notre ADN. <br \/><br \/> <strong>Peux-tu nous parler de la pochette de l&rsquo;album ? Que repr\u00e9sente-t-elle ? <br \/><\/strong> La pochette repr\u00e9sente ce que nous souhaitons faire vivre aux auditeurs. Leur permettre d\u2019observer leur vie au-dessus des nuages, avec cette sensation de libert\u00e9 alors qu&rsquo;ils sont enferm\u00e9s dans une cage de verre. <br \/><br \/> <strong>Quel est le morceau dont tu es le plus fier sur <em>Welcome to my DNA<\/em> ? <br \/><\/strong> \u00ab\u00a0On the Plane\u00a0\u00bb me repr\u00e9sente plut\u00f4t bien. Enfant, j&rsquo;attendais que mon p\u00e8re rentre de voyage. Et je l&rsquo;ai attendu si souvent&#8230; Ce morceau me chamboule \u00e0 chaque fois. Quand on a commenc\u00e9 l&rsquo;enregistrement du morceau avec Steven, je me suis mis \u00e0 pleurer tellement il me rappelait des moments intenses. C&rsquo;est une chose de poser la th\u00e9orie sur le papier, mais y mettre son \u00e9nergie et ses \u00e9motions lors d&rsquo;un enregistrement est tr\u00e8s diff\u00e9rent. Sinon, j&rsquo;adore \u00ab\u00a0Blood\u00a0\u00bb. C&rsquo;est un morceau tr\u00e8s particulier. J&rsquo;aime les moments chaotiques, ils me font penser \u00e0 une guerre. On a m\u00e9lang\u00e9 le jeu de Steven avec des guitares espagnoles, arabes et l&rsquo;orchestre. Le r\u00e9sultat sonne de mani\u00e8re tr\u00e8s originale. <br \/><br \/> <strong>Toujours \u00e0 propos de \u00ab\u00a0Blood\u00a0\u00bb, c\u2019est un morceau en marge du reste de l&rsquo;album. Est-ce que les inspirations orientales que l\u2019on y per\u00e7oit viennent de la musique traditionnelle isra\u00e9lienne ? <br \/><\/strong> Ce sont en fait des inspirations arabes. Je suis n\u00e9 \u00e0 Tel-Aviv, et dans ma r\u00e9gion, on croirait presque que les gens prennent plaisir \u00e0 rester dans ce cercle vicieux sanglant. J&rsquo;ai dit \u00e0 Steven qu&rsquo;il serait bon que nous parlions du chaos et de la guerre l\u00e0-bas.<em> \u00ab\u00a0Here comes the blood\u00a0\u00bb [Voil\u00e0 le sang]<\/em>, c&rsquo;est comme un mantra que l\u2019on peut r\u00e9p\u00e9ter en boucle, et qui repr\u00e9sente parfaitement cette situation sans fin.<br \/><br \/> <strong>Tu as des positions politiques connues sur la question des territoires occup\u00e9s. Comment te places-tu par rapport \u00e0 d&rsquo;autres artistes isra\u00e9liens qui d\u00e9noncent les m\u00eames probl\u00e8mes, comme Orphaned Land ? <br \/><\/strong> Je ne pense pas que l\u2019on puisse me comparer \u00e0 Orphaned Land. Ils ne se sont jamais pos\u00e9s clairement contre le gouvernement et ne l&rsquo;ont jamais critiqu\u00e9. Je pense \u00eatre le seul artiste \u00e0 en parler clairement. Ne me m\u00e9prenez pas, j&rsquo;adore ces types, mais je pense qu&rsquo;ils sont trop doux. Ils devraient \u00eatre plus agressifs ! Jouer du metal, ce n&rsquo;est pas simplement avoir une grosse p\u00e9dale de distorsion, c&rsquo;est aussi se battre pour ce qui nous pla\u00eet et d\u00e9fendre ses opinions. <br \/><br \/> <strong>Finissons par une petite question politique. Que penses-tu de ce qui s&rsquo;est pass\u00e9 en Tunisie et en Egypte, et qui vu d\u2019ici semble inqui\u00e9ter en Isra\u00ebl ? <br \/><\/strong> C&rsquo;est fabuleux ! C&rsquo;est la premi\u00e8re fois dans l&rsquo;Histoire qu&rsquo;une g\u00e9n\u00e9ration de jeunes exprime son opinion en utilisant des moyens technologiques tels que Twitter et Facebook sans passer par les filtres du gouvernement et des media publics. Ils veulent la d\u00e9mocratie, et l&rsquo;Etat cherche \u00e0 les faire taire, \u00e0 les maintenir dans la peur. C&rsquo;est \u00e0 marquer d&rsquo;une pierre blanche dans l&rsquo;Histoire. C&rsquo;est la premi\u00e8re fois qu&rsquo;ils se montrent vraiment et encouragent d&rsquo;autres pays \u00e0 les imiter. Pour ce qui concerne Isra\u00ebl, c\u2019est diff\u00e9rent. C&rsquo;est un monde occidental entour\u00e9 par des mondes orientaux. La d\u00e9mocratie dans ce pays est une fiction,  c&rsquo;est une honte. Les jeunes veulent aussi une v\u00e9ritable d\u00e9mocratie, mais personne n&rsquo;est l\u00e0 pour nous encourager, et c&rsquo;est dommage.<\/p>\n<figure class=\"wp-block-gallery columns-3 is-cropped\"><ul class=\"blocks-gallery-grid\"><li class=\"blocks-gallery-item\"><figure><img src=\"http:\/\/chromatique.net\/wp-content\/uploads\/2020\/04\/12654\/110216_AvivGeffen_Interview-4.jpg\" alt=\"\" data-id=\"21557\" data-full-url=\"http:\/\/chromatique.net\/wp-content\/uploads\/2020\/04\/12654\/110216_AvivGeffen_Interview-4.jpg\" data-link=\"http:\/\/www.chromatique.net\/?attachment_id=21557\" class=\"wp-image-21557\"\/><\/figure><\/li><li class=\"blocks-gallery-item\"><figure><img src=\"http:\/\/chromatique.net\/wp-content\/uploads\/2020\/04\/12654\/110216_AvivGeffen_Interview-5.jpg\" alt=\"\" data-id=\"21558\" data-full-url=\"http:\/\/chromatique.net\/wp-content\/uploads\/2020\/04\/12654\/110216_AvivGeffen_Interview-5.jpg\" data-link=\"http:\/\/www.chromatique.net\/?attachment_id=21558\" class=\"wp-image-21558\"\/><\/figure><\/li><li class=\"blocks-gallery-item\"><figure><img src=\"http:\/\/chromatique.net\/wp-content\/uploads\/2020\/04\/12654\/110216_AvivGeffen_Interview-2.jpg\" alt=\"\" data-id=\"21559\" data-full-url=\"http:\/\/chromatique.net\/wp-content\/uploads\/2020\/04\/12654\/110216_AvivGeffen_Interview-2.jpg\" data-link=\"http:\/\/www.chromatique.net\/?attachment_id=21559\" class=\"wp-image-21559\"\/><\/figure><\/li><li class=\"blocks-gallery-item\"><figure><img src=\"http:\/\/chromatique.net\/wp-content\/uploads\/2020\/04\/12654\/110216_AvivGeffen_Interview-3.jpg\" alt=\"\" data-id=\"21560\" data-full-url=\"http:\/\/chromatique.net\/wp-content\/uploads\/2020\/04\/12654\/110216_AvivGeffen_Interview-3.jpg\" data-link=\"http:\/\/www.chromatique.net\/?attachment_id=21560\" class=\"wp-image-21560\"\/><\/figure><\/li><li class=\"blocks-gallery-item\"><figure><img src=\"http:\/\/chromatique.net\/wp-content\/uploads\/2020\/04\/12654\/110216_AvivGeffen_Interview-1.jpg\" alt=\"\" data-id=\"21561\" data-full-url=\"http:\/\/chromatique.net\/wp-content\/uploads\/2020\/04\/12654\/110216_AvivGeffen_Interview-1.jpg\" data-link=\"http:\/\/www.chromatique.net\/?attachment_id=21561\" class=\"wp-image-21561\"\/><\/figure><\/li><li class=\"blocks-gallery-item\"><figure><img src=\"http:\/\/chromatique.net\/wp-content\/uploads\/2020\/04\/12654\/110216_AvivGeffen_Interview-6.jpg\" alt=\"\" data-id=\"21562\" data-full-url=\"http:\/\/chromatique.net\/wp-content\/uploads\/2020\/04\/12654\/110216_AvivGeffen_Interview-6.jpg\" data-link=\"http:\/\/www.chromatique.net\/?attachment_id=21562\" class=\"wp-image-21562\"\/><\/figure><\/li><\/figure><\/ul>","protected":false},"excerpt":{"rendered":"","protected":false},"author":26,"featured_media":21556,"comment_status":"closed","ping_status":"open","sticky":false,"template":"","format":"standard","meta":[],"categories":[4],"tags":[],"acf":[],"_links":{"self":[{"href":"https:\/\/www.chromatique.net\/index.php\/wp-json\/wp\/v2\/posts\/21555"}],"collection":[{"href":"https:\/\/www.chromatique.net\/index.php\/wp-json\/wp\/v2\/posts"}],"about":[{"href":"https:\/\/www.chromatique.net\/index.php\/wp-json\/wp\/v2\/types\/post"}],"author":[{"embeddable":true,"href":"https:\/\/www.chromatique.net\/index.php\/wp-json\/wp\/v2\/users\/26"}],"replies":[{"embeddable":true,"href":"https:\/\/www.chromatique.net\/index.php\/wp-json\/wp\/v2\/comments?post=21555"}],"version-history":[{"count":0,"href":"https:\/\/www.chromatique.net\/index.php\/wp-json\/wp\/v2\/posts\/21555\/revisions"}],"wp:featuredmedia":[{"embeddable":true,"href":"https:\/\/www.chromatique.net\/index.php\/wp-json\/wp\/v2\/media\/21556"}],"wp:attachment":[{"href":"https:\/\/www.chromatique.net\/index.php\/wp-json\/wp\/v2\/media?parent=21555"}],"wp:term":[{"taxonomy":"category","embeddable":true,"href":"https:\/\/www.chromatique.net\/index.php\/wp-json\/wp\/v2\/categories?post=21555"},{"taxonomy":"post_tag","embeddable":true,"href":"https:\/\/www.chromatique.net\/index.php\/wp-json\/wp\/v2\/tags?post=21555"}],"curies":[{"name":"wp","href":"https:\/\/api.w.org\/{rel}","templated":true}]}}