{"id":21313,"date":"2007-05-17T00:00:00","date_gmt":"2007-05-16T22:00:00","guid":{"rendered":"http:\/\/chromatique.net\/wp-content\/uploads\/2020\/04\/fe65cda13d50ff1113e54544e8692d6b_XL.jpg"},"modified":"2007-05-17T00:00:00","modified_gmt":"2007-05-16T22:00:00","slug":"21313","status":"publish","type":"post","link":"https:\/\/www.chromatique.net\/index.php\/2007\/05\/17\/21313\/","title":{"rendered":"PDG &#8211; PDG"},"content":{"rendered":"<table width=\"100%\" border=\"0\" cellspacing=\"0\" cellpadding=\"0\">   <tr>      <td class=\"tablecentre\">        <h1>ENTRETIEN : PDG<\/h1>       <table width=\"100%\" border=\"0\" cellspacing=\"0\" cellpadding=\"0\">         <tr>            <td width=\"50%\" valign=\"top\"><img loading=\"lazy\" alt=\"\" src=\"\/images\/contenu\/articles\/old\/int_pdg_main.jpg\" width=\"220\" height=\"150\" border=\"1\"><\/td>           <td width=\"3%\" valign=\"top\">&nbsp;<\/td>           <td width=\"47%\" valign=\"top\" class=\"maintext\">              \n<p><span class=\"dateconcert\"><b>Origine :<\/b>Canada<br \/> <b>Style :<\/b> jazz-fusion progressive<br \/> <b>Form\u00e9 en :<\/b> 2006 <br \/> <b>Line-up :<\/b><br \/> Maryse Pepin \u2013 piano, claviers <br \/> \u00ab&nbsp;Big Bass&nbsp;\u00bb Pat Duquette \u2013 basse, voix <br \/> Daniel Gigu\u00e8re \u2013  batterie, percussions <br \/> <b>Dernier album :<\/b> <i>Less Is More \/ Trop C\u2019Comme Pas Assez <\/i> (2006)                 <\/span>            <\/td>         <\/tr>         <\/table>       <p align=\"justify\" class=\"dateconcert\"><b>Auteur r\u00e9cemment d\u2019un premier album h\u00e9t\u00e9roclite aux influences multiples (cf. notre chronique), le trio canadien a bien voulu conter \u00e0 Progressia sa gen\u00e8se et celle de <i>Less Is More \/ Trop C\u2019Comme Pas Assez<\/i>. Biographie d\u2019une jeune formation enthousiaste qui fait de la musique pour la musique. <\/b><br \/><br \/>  <b>Progressia : Bonjour ! Pour commencer, que diriez-vous d&rsquo;une petite pr\u00e9sentation pour nos lecteurs qui ne connaissent pas (encore) les trois t\u00eates pensantes de PDG ? <br \/> PDG<\/b> : Le groupe a \u00e9t\u00e9 form\u00e9 il y a environ un an et notre premier album est sorti en d\u00e9cembre 2006. Nous habitons tous les trois dans les environs de Montr\u00e9al et notre but est de faire la musique pour la musique sans aucune contrainte. Il est primordial pour nous de pouvoir faire tout ce qui nous pla\u00eet musicalement parlant dans ce projet puisque c\u2019est notre fa\u00e7on de vivre pleinement. <br \/><br \/>  <b>La musique est-elle votre activit\u00e9 principale ou exercez-vous par ailleurs des m\u00e9tiers \u2026respectables ? <\/b><br \/> La musique n\u2019est pas notre activit\u00e9 principale. Daniel travaille en informatique pour une entreprise faisant des logiciels pour le transport en commun. Maryse \u0153uvre dans le milieu des produits naturels pharmaceutiques en travaillant dans un laboratoire de chimie. Patrick travaille dans diff\u00e9rents milieux, gagnant partiellement sa vie gr\u00e2ce \u00e0 la musique en faisant fr\u00e9quemment des spectacles, en apportant sa voix \u00e0 des annonces t\u00e9l\u00e9vis\u00e9es et en tant que DJ. <br \/><br \/>  <b>Quel est votre parcours musical, quelles sont vos influences majeures ?<\/b><br \/> Le parcours musical varie beaucoup d\u2019un membre \u00e0 l\u2019autre. Patrick a d\u00e9but\u00e9 comme chanteur dans des groupes rock et m\u00e9tal et joue de la basse depuis une dizaine d\u2019ann\u00e9es. Il a toujours fait beaucoup de spectacles avec ses diff\u00e9rents groupes et il est DJ depuis environ 18 ans. D\u2019un autre c\u00f4t\u00e9, Maryse a suivi des cours de piano assez jeune et a jou\u00e9 dans trois groupes une fois adulte. C\u2019est seulement \u00e0 ce moment qu\u2019elle a commenc\u00e9 \u00e0 composer et, du c\u00f4t\u00e9 de la sc\u00e8ne, elle a fait peu de spectacles. Daniel joue de la batterie depuis l\u2019\u00e2ge de 16 ans dans des groupes rock et m\u00e9tal et suit toujours des cours de batterie\/percussions afin d\u2019approfondir ses connaissances. Il a plusieurs spectacles \u00e0 son actif et, bien qu\u2019il soit batteur, il n\u2019h\u00e9site pas \u00e0 composer des airs au clavier. <br \/> Au d\u00e9part, les groupes de rock et de m\u00e9tal progressif nous ont tous beaucoup influenc\u00e9s. Par contre, alors que Patrick puise beaucoup de ses influences dans le hip-hop, Maryse et Daniel sont plus particuli\u00e8rement influenc\u00e9s par le jazz-latin. <br \/><br \/>  <img loading=\"lazy\" alt=\"\" src=\"\/images\/contenu\/articles\/old\/int_pdg_2.jpg\" width=\"190\" height=\"143\" align=\"right\" border=\"1\"><b>D&rsquo;apr\u00e8s votre biographie, vous jouiez tous trois dans Ciel-Ether, un groupe de metal prog. Pourquoi le groupe s&rsquo;est-il dissout ? PDG \u00e9volue dans un registre musical tr\u00e8s diff\u00e9rent. La raison de ce virage \u00e0 &#8211; presque &#8211; 180\u00b0 ? <\/b><br \/> Le groupe s\u2019est dissout \u00e0 cause de la divergence dans les int\u00e9r\u00eats musicaux de chacun.  Quant \u00e0 la raison concernant le changement de style par rapport \u00e0 Ciel \u00c9ther, il va de soi que le choix de ne pas avoir de guitare et de voix dans le groupe fait en sorte que notre son est diff\u00e9rent. Notre style musical s\u2019est donc construit de fa\u00e7on tout \u00e0 fait naturelle, chacun apportant sa contribution aux pi\u00e8ces selon ses go\u00fbts et l\u2019inspiration du moment. <br \/><br \/>   <b>Une question qui va sans doute devenir un classique : avoir choisi vos initiales comme nom de groupe, est-ce un manque  flagrant d&rsquo;inspiration \ud83d\ude42 ou \u00ab&nbsp;PDG&nbsp;\u00bb comporte-t-il un double (triple ? quadruple ?) sens ? Et qu&rsquo;en est-il du nom de votre album, \u00ab&nbsp;Less Is More\/Trop C&rsquo; Comme Pas Assez&nbsp;\u00bb ? <\/b><br \/> Ce n\u2019est pas par manque d\u2019inspiration que le groupe s\u2019appelle PDG mais plut\u00f4t par d\u00e9sir de simplicit\u00e9. En plus de repr\u00e9senter les trois premi\u00e8res lettres de nos noms, on avait aim\u00e9 l\u2019id\u00e9e au d\u00e9part puisque c\u2019est un acronyme de Pr\u00e9sident Directeur G\u00e9n\u00e9ral et que l\u2019on voulait un concept qui refl\u00e9tait les trois t\u00eates pensantes du groupe tout en repr\u00e9sentant une seule entit\u00e9. D\u2019autres significations amusantes sont ensuite venues renforcer ce choix comme, par exemple, \u00ab&nbsp;Pas De Guitare&nbsp;\u00bb (<i>rires<\/i>). Pour ce qui est du nom de l\u2019album, ce sont simplement deux petites phrases qu\u2019on se dit souvent pendant nos pratiques. La premi\u00e8re, \u00ab&nbsp;Less Is More&nbsp;\u00bb, signifie musicalement que ce n\u2019est pas n\u00e9cessaire d\u2019en faire beaucoup pour que ce soit bon. L\u2019autre partie, \u00ab&nbsp;Trop C\u2019comme Pas Assez&nbsp;\u00bb, pourrait \u00eatre interpr\u00e9t\u00e9e de diff\u00e9rentes mani\u00e8res. C\u2019est simplement une expression qu\u00e9b\u00e9coise qui, pour nous,  signifie la recherche de l\u2019\u00e9quilibre. <br \/><br \/>  <img loading=\"lazy\" alt=\"\" src=\"\/images\/contenu\/articles\/old\/int_pdg_3.jpg\" width=\"190\" height=\"143\" align=\"left\" border=\"1\"><b> Montr\u00e9al est \u00e0 l&rsquo;\u00e9vidence une ville assez dynamique en mati\u00e8re de prog (par exemple, le tout r\u00e9cent Festival Des Musiques Progressives De Montreal qui a vu sa premi\u00e8re \u00e9dition avoir lieu en 2006). Vu d&rsquo;ici, le Canada semble \u00eatre une fourmili\u00e8re de jeunes talents dans ce style de musique. Qu&rsquo;en est-il  r\u00e9ellement ? Y a-t-il un public pour les musiques progressives au Canada ? <\/b><br \/> On conna\u00eet en effet plusieurs groupes progressifs provenant du Canada comme Unexpect, Miriodor et Heaven\u2019s Cry. N\u00e9anmoins, c\u2019est parce nous sommes int\u00e9ress\u00e9s par ce genre de musique que nous les d\u00e9couvrons puisqu\u2019ils sont g\u00e9n\u00e9ralement m\u00e9connus du grand public. \u00c0 notre avis, il y a d\u00e9finitivement un public pour ce genre de musique au Canada. <br \/><br \/>  <b>Avez-vous d\u00e9march\u00e9 des labels pour produire <i>Less Is More<\/i> ou l&rsquo;autoproduction est-elle un choix volontaire ? Que pensez-vous d&rsquo;un label comme Unicorn Records ?<\/b><br \/> L\u2019autoproduction est un choix volontaire. La composition ayant \u00e9t\u00e9 tr\u00e8s rapide, nous \u00e9tions pr\u00eats \u00e0 enregistrer avant m\u00eame de se poser s\u00e9rieusement la question \u00e0 savoir si nous d\u00e9sirions faire des d\u00e9marches pour possiblement \u00eatre produit. Comme le Magic Genie Studio est en r\u00e9alit\u00e9 le sous-sol de Daniel et Maryse, il \u00e9tait tr\u00e8s simple de faire l\u2019enregistrement et le mixage \u00e0 cet endroit pour confier seulement le mastering \u00e0 un expert. Il est important pour nous de pouvoir \u00eatre ind\u00e9pendant. Avec le style de musique que nous faisons, nous sommes conscients qu\u2019il vaut mieux s\u2019autoproduire plut\u00f4t que d\u2019attendre l\u2019int\u00e9r\u00eat d\u2019une compagnie. <br \/> Nous avons appris que le label Unicorn Records existait il y a quelques mois et on conna\u00eet donc peu la compagnie. Tout label qui encourage la musique progressive et respecte ses artistes est une bonne chose. C\u2019est tr\u00e8s positif qu\u2019il y ait de plus en plus de labels ind\u00e9pendants pour qui la musique est l\u2019essentiel. Notre CD est pr\u00e9sentement entre leurs mains. Alors, qui sait\u2026 <br \/><br \/>  <b>Parlons un peu de votre album. La diversit\u00e9 de <i>Less Is More<\/i> est assez remarquable, autant musicalement qu&rsquo;au niveau des ambiances. Cette diversit\u00e9 est-elle le reflet des influences musicales de chaque membre du groupe ? \u00c9tait-ce un choix de d\u00e9part que de balayer de si nombreux styles ? N&rsquo;avez-vous pas peur de d\u00e9router l&rsquo;auditeur \u2013 m\u00eame initi\u00e9 ! \u2013 en lui proposant un disque aussi dense ? <\/b><br \/> La diversit\u00e9 de Less Is More est en effet le reflet de nos influences puisque chaque membre contribue \u00e0 la cr\u00e9ation des pi\u00e8ces. C\u2019est certain qu\u2019\u00e0 la base, nous aimons la musique complexe et diversifi\u00e9e et que nous voulions donc m\u00e9langer plein de styles mais ce n\u2019\u00e9tait pas un choix de d\u00e9part en tant que tel. Disons que le tout s\u2019est fait de fa\u00e7on tr\u00e8s naturelle, au fur et \u00e0 mesure que chaque membre apportait sa contribution \u00e0 une pi\u00e8ce. <br \/> D\u2019une fa\u00e7on g\u00e9n\u00e9rale, nous ne nous contraignons pas de ce que les gens pourraient dire ou penser quant \u00e0 notre style musical. Nous faisons r\u00e9ellement la musique que nous aimons sans se laisser influencer par l\u2019opinion ext\u00e9rieure. C\u2019est certain que nous tentons de nous imaginer la surprise des auditeurs face aux multiples changements mais cela ne nous fait pas peur. Bien au contraire, nous recherchons des auditeurs pouvant appr\u00e9cier ce genre d\u2019originalit\u00e9. C\u2019est la philosophie de base de PDG de faire un projet selon nos valeurs,  sans se faire dicter quoi que ce soit \u00e0 cause d\u2019une mode ou des go\u00fbts populaires. <br \/><br \/>   <b>Vous d\u00e9crivez <i>Less Is More<\/i> comme \u00e9tant \u00ab&nbsp;de la musique tordue pour film d&rsquo;animation&nbsp;\u00bb. L&rsquo;humour, comme l&rsquo;\u00e9tranget\u00e9, transpara\u00eet dans vos compositions comme dans le livret du CD. Cette direction musicale \u00e9tait-elle pr\u00e9m\u00e9dit\u00e9e ou est-ce un r\u00e9sultat inopin\u00e9 ? <\/b><br \/> C\u2019est r\u00e9ellement un r\u00e9sultat inopin\u00e9 puisque nous n\u2019avions rien pr\u00e9vu \u00e0 l\u2019avance. Le concepteur de la pochette avait comme seuls points de d\u00e9part la musique avec le titre des pi\u00e8ces et l\u2019id\u00e9e d\u2019inclure une BD dans la pochette. Pour ce qui est de la musique, c\u2019est le reflet des personnalit\u00e9s et go\u00fbts de chacun qui cr\u00e9e l\u2019humour et l\u2019\u00e9tranget\u00e9 des pi\u00e8ces. <br \/><br \/>   <img loading=\"lazy\" alt=\"\" src=\"\/images\/contenu\/articles\/old\/int_pdg_4.jpg\" width=\"100\" height=\"206\" align=\"right\" border=\"1\"><b>Quels sont vos projets pour PDG ? Allez-vous conserver cette formule du trio instrumental sans guitare ou pensez-vous incorporer de nouveaux \u00e9l\u00e9ments, \u00e9ventuellement du chant ? <\/b><br \/> Nous d\u00e9sirons faire des spectacles sous peu mais dans un contexte s\u2019inscrivant bien pour le type de musique que nous faisons afin de rejoindre le bon public. Bien entendu, la composition du second album \u00e9tant termin\u00e9e, nous envisageons de le produire au courant de l\u2019ann\u00e9e 2007. \u00c9tant donn\u00e9 que nous travaillons pr\u00e9sentement sur la promotion de <i>Less Is More<\/i>, nous regardons en m\u00eame temps la possibilit\u00e9 de se faire produire et\/ou distribuer pour le prochain album sans toutefois s\u2019y fier (<i>rires<\/i>). <br \/> Nous d\u00e9sirons conserver la formule du trio sans pour autant mettre de c\u00f4t\u00e9 la possibilit\u00e9 d\u2019avoir des invit\u00e9s pour un album. Pour le chant, PDG ne pr\u00e9voit pas avoir de chanteur qui tiendrait ce r\u00f4le. Patrick a d\u00e9j\u00e0 pens\u00e9 \u00e0 utiliser sa voix mais sans paroles, ceci demeurant pour l\u2019instant une possibilit\u00e9 future. <br \/><br \/>  <b>Y a-t-il des opportunit\u00e9s de concerts au Canada ou ailleurs pour un groupe aussi atypique que PDG ? <\/b><br \/> Nous n\u2019avons pas fait beaucoup de d\u00e9marche jusqu\u2019\u00e0 cette date en ce sens mais on y arrive. Le groupe est pr\u00eat et il suffit que nous trouvions un contexte avec des auditeurs int\u00e9ress\u00e9s par le progressif. Nous planifions de faire au moins un spectacle en 2007 et, s\u2019il n\u2019y a pas d\u2019opportunit\u00e9s, nous en cr\u00e9eront une (<i>rires<\/i>). <br \/><br \/>  <b>Un petit mot (ou plusieurs !) pour les lecteurs de Progressia <\/b><br \/>? Continuez d\u2019encourager la musique progressive et Progressia pour son int\u00e9r\u00eat et son d\u00e9vouement envers les artistes de prog \u00e0 travers le monde !      <\/p>       <p align=\"right\" class=\"dateconcert\"><strong>Propos recueillis par Jean-Philippe Haas <\/strong><\/p>   <p align=\"center\" class=\"dateconcert\"><strong>site web : <\/strong><a href=\"http:\/\/www.geniseurs.com\" target=\"_blank\" class=\"dateconcert\"><font color=\"#0000FF\"><strong>http:\/\/www.geniseurs.com<\/strong><\/font><\/a><\/p>       <p align=\"center\" class=\"dateconcert\"><strong><a href=\"http:\/\/http:\/\/www.chromatique.net\/index.php?option=com_k2&#038;view=itemlist&#038;layout=category&#038;task=category&#038;id=2&#038;Itemid=4\"><font color=\"#CA0B4E\"><font color=\"#157175\">retour          au sommaire<\/font><\/font><\/a><\/strong><\/p>       <\/td>   <\/tr> <\/table>","protected":false},"excerpt":{"rendered":"<p>ENTRETIEN : PDG &nbsp; Origine :Canada Style : jazz-fusion progressive Form\u00e9 en : 2006 Line-up&#8230;<\/p>\n","protected":false},"author":14,"featured_media":21314,"comment_status":"closed","ping_status":"open","sticky":false,"template":"","format":"standard","meta":[],"categories":[4],"tags":[],"acf":[],"_links":{"self":[{"href":"https:\/\/www.chromatique.net\/index.php\/wp-json\/wp\/v2\/posts\/21313"}],"collection":[{"href":"https:\/\/www.chromatique.net\/index.php\/wp-json\/wp\/v2\/posts"}],"about":[{"href":"https:\/\/www.chromatique.net\/index.php\/wp-json\/wp\/v2\/types\/post"}],"author":[{"embeddable":true,"href":"https:\/\/www.chromatique.net\/index.php\/wp-json\/wp\/v2\/users\/14"}],"replies":[{"embeddable":true,"href":"https:\/\/www.chromatique.net\/index.php\/wp-json\/wp\/v2\/comments?post=21313"}],"version-history":[{"count":0,"href":"https:\/\/www.chromatique.net\/index.php\/wp-json\/wp\/v2\/posts\/21313\/revisions"}],"wp:featuredmedia":[{"embeddable":true,"href":"https:\/\/www.chromatique.net\/index.php\/wp-json\/wp\/v2\/media\/21314"}],"wp:attachment":[{"href":"https:\/\/www.chromatique.net\/index.php\/wp-json\/wp\/v2\/media?parent=21313"}],"wp:term":[{"taxonomy":"category","embeddable":true,"href":"https:\/\/www.chromatique.net\/index.php\/wp-json\/wp\/v2\/categories?post=21313"},{"taxonomy":"post_tag","embeddable":true,"href":"https:\/\/www.chromatique.net\/index.php\/wp-json\/wp\/v2\/tags?post=21313"}],"curies":[{"name":"wp","href":"https:\/\/api.w.org\/{rel}","templated":true}]}}