{"id":21184,"date":"2011-09-28T00:00:00","date_gmt":"2011-09-27T22:00:00","guid":{"rendered":"http:\/\/chromatique.net\/wp-content\/uploads\/2020\/04\/9ada9defd4212bf34db2e32f37ea8987_XL.jpg"},"modified":"2011-09-28T00:00:00","modified_gmt":"2011-09-27T22:00:00","slug":"21184","status":"publish","type":"post","link":"https:\/\/www.chromatique.net\/index.php\/2011\/09\/28\/21184\/","title":{"rendered":"Pain of Salvation &#8211; La route et ses virages"},"content":{"rendered":"\n<p><strong>Origine :<\/strong> Su\u00e8de<br \/><strong> Form\u00e9 en :<\/strong> 1984<br \/><strong> Composition :<\/strong> Daniel Gildenl\u00f6w (chant, guitare), Johan Hallgren (guitare), Fredrik Hermansson (claviers), Leo Margarit (batterie), Per Schelander (basse)<br \/><strong> Dernier album :<\/strong> <em><a href=\"index.php?option=com_k2&amp;view=item&amp;id=13028:road-salt-two&amp;Itemid=12\" target=\"_blank\">Road Salt Two<\/a><\/em> (2011)<br \/><br \/> <strong>Avec la sortie le 26 septembre dernier du deuxi\u00e8me volet de <em>Road Salt<\/em>, Pain of Salvation cl\u00f4t une excursion dans des sons et r\u00e9f\u00e9rences typiques de l\u2019\u00e9poque <em>seventies<\/em>. Excursion seulement ? Que comprendre de ces deux albums ? Rencontre avec L\u00e9o Margarit, batteur, fran\u00e7ais de surcro\u00eet, int\u00e9gr\u00e9 au groupe alors que se profilait la composition de <em>Road Salt<\/em>.<br \/><br \/> Chromatique : A l\u2019\u00e9poque du recrutement, tu as dit que le groupe attendait de voir ton comportement dans un bus de tourn\u00e9e avant de t\u2019inclure dans Pain of Salvation. Doit-on en conclure que tu as \u00e9t\u00e9 sage ?<br \/> L\u00e9o Margarit :<\/strong> J\u2019ai vraiment dit \u00e7a ? (<em>rires<\/em>) Je me rappelle que Simon, notre ancien bassiste, a commenc\u00e9 comme membre de session puis a \u00e9t\u00e9 engag\u00e9 d\u00e9finitivement, mais \u00e7a n\u2019a pas \u00e9t\u00e9 mon cas. J\u2019ai \u00e9t\u00e9 membre \u00e0 part enti\u00e8re d\u00e8s le d\u00e9but.<br \/><br \/> <strong>Voil\u00e0 maintenant quatre ans que tu officies comme batteur pour cette formation. Comment t\u2019y sens-tu ?<\/strong><br \/> Apr\u00e8s deux albums et quelques tourn\u00e9es, je dois dire que tout se passe tr\u00e8s bien. Le groupe prend de plus en plus d\u2019ampleur, et je suis maintenant bien int\u00e9gr\u00e9 \u00e0 la bande. Je pense que la plupart des fans, malgr\u00e9 quelques r\u00e9calcitrants, m\u2019ont bien accept\u00e9 aussi. Donc tout va bien, et le meilleur reste \u00e0 venir !<br \/><br \/> <strong>Lorsque tu as auditionn\u00e9, t\u2019attendais-tu \u00e0 devoir jouer de la musique qui se rapproche parfois plus du blues que du metal ?<\/strong><br \/> C\u2019est un sujet que nous avions abord\u00e9 avec Daniel avant mon audition\u2026 Il voulait vraiment que je sache \u00e0 quoi m\u2019attendre avant de d\u00e9m\u00e9nager en Su\u00e8de. Donc je savais que la formation prenait un tournant musical \u00e0 ce moment-l\u00e0, et c\u2019est, \u00e0 vrai dire, ce qui m\u2019a s\u00e9duit. J\u2019aime la diversit\u00e9 musicale et le fait qu\u2019un groupe puisse \u00e9voluer.<br \/><br \/> <strong>En quelle proportion Daniel Gildenl\u00f6w est-il capitaine \u00e0 bord du bateau Pain of Salvation ? Comment vous accordez-vous autour d&rsquo;une composition ? Comment d\u00e9finirais-tu ton apport au concept des albums ?<\/strong><br \/> Le travail de composition est diff\u00e9rent pour chaque morceau, en tout cas de nos jours. Certains sont compos\u00e9s et enregistr\u00e9s de A \u00e0 Z par Daniel, d\u2019autres sont simplement issus de <em>jam-sessions<\/em>. On se retrouve dans notre local de r\u00e9p\u00e9tition et on commence \u00e0 faire le boeuf sur un de ses <em>riffs<\/em>. L\u00e0, chacun propose des id\u00e9es avec son instrument, et ainsi on construit le titre au fur et \u00e0 mesure. Je suis responsable de beaucoup d\u2019arrangements rythmiques sur <em>Road Salt One<\/em> et <em>Road Salt Two<\/em>.<br \/><br \/> <strong>Sur <em>Road Salt Two<\/em>, on observe quelques hommages appuy\u00e9s, comme \u00ab\u00a0To the Shoreline\u00a0\u00bb \u00e0 Morricone. N\u2019avez-vous pas eu peur de la comparaison avec certaines de vos influences <em>sixties<\/em> et <em>seventies<\/em> ? Comment avez-vous r\u00e9ussi \u00e0 faire le lien entre ces influences et votre propre personnalit\u00e9 musicale ?<\/strong><br \/> Je pense que quand la ressemblance est vraiment \u00e9vidente, c\u2019est presque de l\u2019ordre de l\u2019exercice de style. On pousse parfois le bouchon assez loin pour que les gens qui n\u2019avaient pas remarqu\u00e9 le clin d\u2019\u0153il entendent la r\u00e9f\u00e9rence \u00e0 coup s\u00fbr. Parfois cela devient m\u00eame une sorte de parodie. C\u2019est tr\u00e8s amusant de chercher \u00e0 incorporer tous les d\u00e9tails et clich\u00e9s de la musique de Morricone, par exemple. Parfois une note ou un son te rappelle naturellement quelque chose d\u2019autre. Il est alors facile d\u2019ajouter ces \u00e9l\u00e9ments au passage du morceau original.<br \/><br \/> <strong>Les enregistrements dans ces ann\u00e9es-l\u00e0 \u00e9taient souvent r\u00e9alis\u00e9s rapidement, en peu de prises. \u00c9tait-ce \u00e9galement le cas pour <em>Road Salt<\/em> ? Avez-vous eu des difficult\u00e9s \u00e0 concilier cela avec votre tendance au perfectionnisme ?<\/strong><br \/> Je ne peux pas vraiment dire que l&rsquo;enregistrement ait \u00e9t\u00e9 rapide et b\u00e2cl\u00e9&#8230; On a surtout essay\u00e9 de reproduire l&rsquo;intensit\u00e9 de cette \u00e9poque-l\u00e0 et le c\u00f4t\u00e9 \u00ab\u00a0r\u00e9el\u00a0\u00bb de la musique. A l&rsquo;\u00e9poque il n&rsquo;y avait pas de Protools et autres <em>auto-tune<\/em> pour r\u00e9parer les erreurs. On a donc rejou\u00e9 tous ensemble jusqu&rsquo;\u00e0 satisfaction. La perfection ici n&rsquo;a pas consist\u00e9 \u00e0 jouer parfaitement mais plut\u00f4t \u00e0 parvenir \u00e0 faire passer une certaine \u00e9motion dans la mani\u00e8re d\u2019interpr\u00e9ter les titres. On n&rsquo;a pas utilis\u00e9 de <em>click<\/em> pour la plupart des morceaux, et si on l&rsquo;a fait, on s&rsquo;est bas\u00e9 sur le tempo des d\u00e9mos, qui n&rsquo;\u00e9taient pas statiques puisque qu\u2019elles avaient \u00e9t\u00e9 enregistr\u00e9es en <em>live<\/em>. Il nous est arriv\u00e9 de garder des prises moins bonnes que d&rsquo;autres mais qui avaient ce petit quelque chose en plus. Souvent l&rsquo;imperfection est beaucoup plus int\u00e9ressante&#8230;<br \/><br \/> <strong>Penses-tu que <em>Road Salt<\/em> laissera une trace ind\u00e9l\u00e9bile dans votre r\u00e9pertoire ? L&rsquo;album repr\u00e9sente-t-il un v\u00e9ritable tournant ?<\/strong><br \/> Je pense que la s\u00e9rie <em>Road Salt<\/em> laissera un trace dans notre discographie, principalement parce que la direction musicale est r\u00e9ellement diff\u00e9rente. Il y aura certainement un avant et un apr\u00e8s <em>Road Salt<\/em>. C&rsquo;est la musique que nous voulons produire en ce moment, malgr\u00e9 le fait que certains de nos fans d\u00e9\u00e7us voudraient avoir du <em>Remedy Lane<\/em> encore et toujours. Il est difficile de contenter tout le monde donc je pense qu&rsquo;il est important, en tant que musicien, de se faire plaisir avant tout.<br \/><br \/> <strong>Le dernier morceau de <em>Road Salt Two<\/em>, \u00ab\u00a0Physics of Gridlock\u00a0\u00bb, pr\u00e9sage-t-il d\u2019un retour \u00e0 des sonorit\u00e9s plus progressives ?<\/strong><br \/> Malgr\u00e9 des aspects plus prog que le reste de l&rsquo;album, ce morceau n&rsquo;a pas la froideur typique d&rsquo;un morceau de prog classique. Ind\u00e9pendamment de sa complexit\u00e9, ce qui passe avant tout c&rsquo;est l&rsquo;\u00e9motion et la m\u00e9lodie. C&rsquo;est d\u2019ailleurs un des plus anciens de la s\u00e9rie <em>Road Salt<\/em> donc je ne pense pas que cela pr\u00e9sage un retour au prog pur et dur\u00a0!<br \/><br \/> <strong>D&rsquo;ailleurs, pourquoi n&rsquo;es-tu pas celui qui parle en Fran\u00e7ais sur \u00ab\u00a0Physics of Gridlock\u00a0\u00bb ? As-tu \u00e9t\u00e9 consult\u00e9 pour \u00e9crire la partie fran\u00e7aise ? Y a-t-il une part de second degr\u00e9 ?<\/strong><br \/> J&rsquo;ai re\u00e7u un coup de t\u00e9l\u00e9phone de Daniel un beau jour me demandant quelques conseils sur une traduction en Fran\u00e7ais sur laquelle il travaillait. Il y avait quelques petites erreurs mais globalement c&rsquo;\u00e9tait quasiment parfait. J&rsquo;ai demand\u00e9 ce que c&rsquo;\u00e9tait et il m&rsquo;a dit qu&rsquo;il voulait incorporer ce texte \u00e0 la fin de \u00ab\u00a0Physics of Gridlock\u00a0\u00bb, qu&rsquo;il me recontacterait pour la prononciation. On approchait de la cl\u00f4ture de la session d\u2019enregistrement. Quelques jours apr\u00e8s il me faisait \u00e9couter l\u2019enregistrement, sans m\u2019avoir demand\u00e9 quoi que ce soit. Il \u00e9tait d\u00e9j\u00e0 trop tard pour faire des corrections&#8230; Il y a quelques d\u00e9fauts mais c&rsquo;est plut\u00f4t pas mal pour quelqu&rsquo;un qui ne parle pas Fran\u00e7ais\u00a0! Concernant le second degr\u00e9, je pense juste que comme beaucoup de gens, il aime la sonorit\u00e9 de notre langue et il a simplement voulu donner une autre couleur \u00e0 la chanson.<br \/><br \/> <strong>Une part de second degr\u00e9 semble se retrouver malgr\u00e9 tout dans plusieurs morceaux de l&rsquo;album. <em>Road Salt<\/em> est-il pour toi un pur hommage au pass\u00e9, un regard critique ?<\/strong><br \/> Il est vrai que tr\u00e8s souvent, notre musique est \u00e0 mi-chemin entre le s\u00e9rieux et le comique\/parodique. A vrai dire cela refl\u00e8te bien la personnalit\u00e9 de Daniel&#8230; Tr\u00e8s souvent ces blagues se trouvant dans les morceaux viennent de nos b\u0153ufs ensemble. Il y a toujours quelqu&rsquo;un pour jouer quelque chose de compl\u00e8tement d\u00e9bile au milieu d&rsquo;un morceau, souvent Daniel ou moi. Parfois ces d\u00e9tails stupides restent jusqu&rsquo;\u00e0 la version finale. Cela en brise le s\u00e9rieux quelquefois pesant.<br \/><br \/> <strong>Certains groupes majeurs comme Opeth ou Mastodon tentent un retour aux sources, recherchant la sinc\u00e9rit\u00e9 et la spontan\u00e9it\u00e9 du son <em>seventies<\/em>. Comment interpr\u00e8tes-tu cette tendance ?<\/strong><br \/> \u00c7a me rappelle un peu la mouvance du d\u00e9but des ann\u00e9es quatre-vingt quand des artistes comme Metallica sont arriv\u00e9s, avec le ras-le-bol du glam rock et de la musique super produite. Actuellement tous les groupes de metal sonnent \u00ab\u00a0anti-humain\u00a0\u00bb au possible. Les batteries sont de plus en plus programm\u00e9es plut\u00f4t que jou\u00e9es, les guitares sonnent comme des synth\u00e9tiseurs&#8230; Beaucoup doivent rechercher un retour aux sources, une musique vraie et organique avec une personnalit\u00e9. J&rsquo;aime \u00e0 penser que Pain of Salvation a \u00e9t\u00e9 parmi les premiers \u00e0 faire \u00e7a, mais il est difficile d\u2019en \u00eatre s\u00fbr !<br \/><br \/> <strong>En novembre, nous aurons la chance de vous voir en France sur les m\u00eames dates qu&rsquo;Opeth. Comment appr\u00e9hendez vous cette \u00ab\u00a0premi\u00e8re partie\u00a0\u00bb prestigieuse ?<\/strong><br \/> Tourner avec Opeth sera pour nous une tr\u00e8s bonne opportunit\u00e9 pour nous faire de nouveaux fans. Nous avons jou\u00e9 avec eux plusieurs fois dans le pass\u00e9 et il\r\n<script src=\"plugins\/editors\/tinymce\/jscripts\/tiny_mce\/themes\/advanced\/langs\/fr.js\" type=\"text\/javascript\"><\/script>\r\nsemble qu&rsquo;\u00e0 chaque fois leur public nous ait appr\u00e9ci\u00e9s, y compris ceux qui nous d\u00e9couvraient \u00e0 cette occasion. En plus Mikael \u00c5kerfeldt a l\u2019air de beaucoup aimer <em>Road Salt<\/em>. Je pense donc que \u00e7a va tr\u00e8s bien se passer !<br \/><br \/> <strong>D\u2019autant que sur votre date parisienne, Le Bataclan n\u2019est pas tout-\u00e0-fait le m\u00eame format de salle, compar\u00e9 \u00e0 la tr\u00e8s \u00e9troite Sc\u00e8ne Bastille l&rsquo;ann\u00e9e derni\u00e8re <a href=\"index.php?option=com_k2&amp;view=item&amp;id=10790:La%20prise%20de%20la%20Bastille%20?&amp;Itemid=5\" target=\"_blank\">\u00e0 la m\u00eame \u00e9poque<\/a>&#8230;<\/strong><br \/> La sc\u00e8ne Bastille est en effet une petite salle et le concert avait \u00e9t\u00e9 complet en quelques jours. Cela devait \u00eatre la plus petite salle de notre pr\u00e9c\u00e9dente tourn\u00e9e europ\u00e9enne. Elle n\u2019a absolument pas refl\u00e9t\u00e9 les autres dates de la tourn\u00e9e&#8230;<br \/><br \/> <strong>Maintenant que le concept <em>Road Salt<\/em> forme un tout, il est \u00e9vident que les fans esp\u00e8rent vous voir jouer en <em>live<\/em> l\u2019int\u00e9gralit\u00e9 des deux volets. Est-ce envisageable\u00a0?<\/strong><br \/> J&rsquo;avoue n&rsquo;avoir jamais pens\u00e9 \u00e0 \u00e7a ! \u00c7a pourrait peut-\u00eatre faire l&rsquo;objet de quelques concerts sp\u00e9ciaux, en effet ! En revanche je ne sais pas si avoir une tourn\u00e9e enti\u00e8re d\u00e9di\u00e9e \u00e0 <em>Road Salt One<\/em> et <em>Road Salt Two<\/em> est r\u00e9alisable dans un futur proche\u2026 On verra ce que l\u2019avenir nous r\u00e9serve !<br \/><br \/> <strong>Dans un autre registre, on a pu vous voir participer \u00e0 l\u2019Eurovision ; comment qualifierais-tu cette exp\u00e9rience ? Cela a-t-il eu des retomb\u00e9es ?<\/strong><br \/> Avant toute chose je dois signaler que l\u2019Eurovision en Su\u00e8de, et en Scandinavie de mani\u00e8re g\u00e9n\u00e9rale, est bien plus populaire qu\u2019en France\u2026 Tout le monde regarde et vote, cela fait partie de la culture. Christer Bj\u00f6rkman, responsable des auditions, est tomb\u00e9 sur la vid\u00e9o d\u2019un de nos concerts, \u00ab\u00a0Undertow\u00a0\u00bb en Turquie je crois, et il a beaucoup aim\u00e9. Il nous a demand\u00e9 d\u2019envoyer trois morceaux in\u00e9dits pour la s\u00e9lection au concours. On en a parl\u00e9 entre nous et d\u00e9cid\u00e9 de le faire. On avait <em>Road Salt One<\/em> quasiment pr\u00eat \u00e0 ce moment-l\u00e0. On lui a donc envoy\u00e9 \u00ab\u00a0No Way\u00a0\u00bb, \u00ab\u00a0Sisters\u00a0\u00bb et \u00ab\u00a0Road Salt\u00a0\u00bb. A notre grande surprise \u00ab\u00a0Road Salt\u00a0\u00bb a \u00e9t\u00e9 choisi, alors que c\u2019\u00e9tait vraisemblablement le morceau avec le moins de potentiel. Quoi qu\u2019il en soit, nous avons eu l\u2019opportunit\u00e9 de jouer notre propre musique dans l\u2019\u00e9mission musicale la plus regard\u00e9e du pays et nous aurions \u00e9t\u00e9 stupides de la refuser. Certaines personnes nous ont trait\u00e9s de vendus et j\u2019avoue avoir du mal \u00e0 comprendre cette r\u00e9action.<br \/><br \/> <strong>De ton c\u00f4t\u00e9, tu as aussi particip\u00e9 au projet de Ruud Jolie, <a href=\"index.php?option=com_k2&amp;view=item&amp;id=12991:for-all-we-know&amp;Itemid=12\" target=\"_blank\">For All We Know<\/a>. Peux-tu nous en dire un peu plus sur cette collaboration, comment a-t-elle vu le jour, qu\u2019en as-tu retir\u00e9 ?<\/strong><br \/> J\u2019ai rencontr\u00e9 Ruud gr\u00e2ce \u00e0 Simon, notre ancien bassiste, lors d\u2019un concert en Hollande. Il adore Pain of Salvation et m\u2019a parl\u00e9 de son projet. Il m\u2019a demand\u00e9 si j\u2019\u00e9tais \u00e9ventuellement int\u00e9ress\u00e9. Apr\u00e8s avoir \u00e9cout\u00e9 les quelques d\u00e9mos je n\u2019ai pas h\u00e9sit\u00e9 une seconde. J\u2019aimais beaucoup la musique et la voix de Wudstick. J\u2019ai enregistr\u00e9 les batteries en trois jours \u00e0 Tilburg en Hollande et deux ans apr\u00e8s l\u2019album est enfin sorti. Je suis tr\u00e8s fier d\u2019avoir pris part \u00e0 ce projet. J\u2019esp\u00e8re qu\u2019on fera une suite au premier album et qu\u2019on aura une tourn\u00e9e \u00e0 un moment donn\u00e9. <br \/><em> (<\/em><em>L\u00e9o a \u00e9galement enregistr\u00e9 les batteries pour Sam Arkan et son projet Epysode, prochainement dans nos colonnes, ndlr<\/em><em>)<\/em><br \/><br \/> <strong>Bref, <em>Road Salt<\/em> est compos\u00e9 depuis d\u00e9j\u00e0 un certain temps\u2026 Doit-on s\u2019attendre \u00e0 un nouvel album tr\u00e8s bient\u00f4t ?<\/strong><br \/> Chaque chose en son temps ! Nous venons juste de terminer la production de <em>Road Salt Two<\/em>. Il est temps de partir en tourn\u00e9e. Apr\u00e8s \u00e7a, nous recommencerons \u00e0 composer. Je ne pense pas qu\u2019on sortira un nouvel album avant 2013. Mais on ne sait jamais, Daniel en a peut \u00eatre un de pr\u00eat dans son chapeau, qui n\u2019attend que d\u2019\u00eatre enregistr\u00e9 !<br \/><br \/> <strong>Un mot de fin pour ton public fran\u00e7ais ?<\/strong><br \/> Merci \u00e0 tous pour votre soutien ! J\u2019esp\u00e8re tous vous voir sur la route bient\u00f4t !<br \/><br \/> (Interview r\u00e9alis\u00e9e en collaboration avec Martial Briclot et Maxime Delorme)<\/p>","protected":false},"excerpt":{"rendered":"<p>Origine : Su\u00e8de Form\u00e9 en : 1984 Composition : Daniel Gildenl\u00f6w (chant, guitare), Johan Hallgren&#8230;<\/p>\n","protected":false},"author":23,"featured_media":21185,"comment_status":"closed","ping_status":"open","sticky":false,"template":"","format":"standard","meta":[],"categories":[4],"tags":[],"acf":[],"_links":{"self":[{"href":"https:\/\/www.chromatique.net\/index.php\/wp-json\/wp\/v2\/posts\/21184"}],"collection":[{"href":"https:\/\/www.chromatique.net\/index.php\/wp-json\/wp\/v2\/posts"}],"about":[{"href":"https:\/\/www.chromatique.net\/index.php\/wp-json\/wp\/v2\/types\/post"}],"author":[{"embeddable":true,"href":"https:\/\/www.chromatique.net\/index.php\/wp-json\/wp\/v2\/users\/23"}],"replies":[{"embeddable":true,"href":"https:\/\/www.chromatique.net\/index.php\/wp-json\/wp\/v2\/comments?post=21184"}],"version-history":[{"count":0,"href":"https:\/\/www.chromatique.net\/index.php\/wp-json\/wp\/v2\/posts\/21184\/revisions"}],"wp:featuredmedia":[{"embeddable":true,"href":"https:\/\/www.chromatique.net\/index.php\/wp-json\/wp\/v2\/media\/21185"}],"wp:attachment":[{"href":"https:\/\/www.chromatique.net\/index.php\/wp-json\/wp\/v2\/media?parent=21184"}],"wp:term":[{"taxonomy":"category","embeddable":true,"href":"https:\/\/www.chromatique.net\/index.php\/wp-json\/wp\/v2\/categories?post=21184"},{"taxonomy":"post_tag","embeddable":true,"href":"https:\/\/www.chromatique.net\/index.php\/wp-json\/wp\/v2\/tags?post=21184"}],"curies":[{"name":"wp","href":"https:\/\/api.w.org\/{rel}","templated":true}]}}