{"id":18137,"date":"2009-03-26T00:00:00","date_gmt":"2009-03-25T23:00:00","guid":{"rendered":"http:\/\/chromatique.net\/wp-content\/uploads\/2020\/04\/b91d0956795a66bde59773818377a711_XL.jpg"},"modified":"2009-03-26T00:00:00","modified_gmt":"2009-03-25T22:00:00","slug":"18137","status":"publish","type":"post","link":"https:\/\/www.chromatique.net\/index.php\/2009\/03\/26\/18137\/","title":{"rendered":"Univers Zero &#8211; Univers Zero"},"content":{"rendered":"<table width=\"100%\" border=\"0\" cellspacing=\"0\" cellpadding=\"0\">\n<tr>\n<td class=\"tablecentre\">\n<h1>CONCERT : UNIVERS ZERO<\/h1>\n<table width=\"100%\" border=\"0\" cellspacing=\"0\" cellpadding=\"0\">\n<tr>\n<td width=\"50%\" valign=\"top\"><img loading=\"lazy\" alt=\"\" src=\"\/images\/contenu\/articles\/old\/live_uzero09_main.jpg\" width=\"220\" height=\"147\" border=\"1\"><\/td>\n<td width=\"3%\" valign=\"top\">&nbsp;<\/td>\n<td width=\"47%\" valign=\"top\" class=\"maintext\">  <b>Lieu :<\/b> Les Lilas, Le Triton<br \/> <b>Date :<\/b> 15 novembre 2008<br \/> <b>Photos\u00a0:<\/b> Fabrice Journo <\/p>\n<p>             <\/span>            <\/td>\n<\/tr>\n<\/table>\n<p align=\"justify\" class=\"dateconcert\">  <b>Univers Zero est une l\u00e9gende du Rock In Opposition. Qui peut en douter ? Depuis le milieu des ann\u00e9es soixante-dix, la formation belge poursuit une carri\u00e8re exemplaire plac\u00e9e sous le signe de l\u2019exigence d\u2019un style model\u00e9 \u00e0 partir de la musique de chambre du vingti\u00e8me si\u00e8cle et de l\u2019influence, tr\u00e8s dynamique, du rock. Mieux vaut \u00eatre averti, ces diables pratiquent un art dramatique aux fronti\u00e8res de l\u2019angoisse et nous emportent vers des contr\u00e9es plus sombres et volcaniques que de jolis p\u00e2turages ensoleill\u00e9s. Avec ces Belges, la g\u00e9henne a des charmes redoutables.<\/b><\/p>\n<p>  Si tous leurs albums sont presque incontournables, il ne faudrait pas oublier que leur musique poss\u00e8de avant tout une force sc\u00e9nique impressionnante sur laquelle il est difficile de faire l\u2019impasse si l\u2019on veut comprendre toutes les dimensions de l\u2019art de leur mentor, Daniel Denis.<\/p>\n<p>   Chance pour nous, sur les deux soir\u00e9es pr\u00e9vues, nous \u00e9tions convi\u00e9s \u00e0 \u00e9couter le groupe lors de leur seconde prestation, la premi\u00e8re ayant \u00e9t\u00e9 annul\u00e9e faute de subventions. Ce qui, au passage, devrait en toute logique annuler l\u2019enregistrement du DVD <i>live<\/i> pr\u00e9vu pour accompagner le prochain album studio.<\/p>\n<p>  <img loading=\"lazy\" alt=\"\" src=\"\/images\/contenu\/articles\/old\/live_uzero09_2.jpg\" width=\"250\" height=\"190\" align=\"right\" border=\"1\">C\u2019est un Triton bien rempli qui accueille un groupe d\u00e9contract\u00e9, en verve, qui profite du moindre temps mort pour balancer quelques bonnes r\u00e9pliques \u00e0 l\u2019humour caustique, parfois m\u00eame politiques (le roi de la chaussure, Georges Bush, en prendra pour son grade !). Nouveaut\u00e9 dans la formation, la pr\u00e9sence de Pierre Chevalier aux claviers, venu d\u2019un autre grand groupe de RIO, Present, et de Dimitri Evers \u00e0 la basse. L\u2019un et l\u2019autre seront ind\u00e9niablement excellents de bout en bout et parfaitement int\u00e9gr\u00e9s au groupe.  Le r\u00e9pertoire alterne les titres anciens, extraits en grande partie de l\u2019album <i>The Hard Quest<\/i> (\u00ab&nbsp;Xenantaya&nbsp;\u00bb, \u00ab&nbsp;Civil Circus&nbsp;\u00bb, \u00ab&nbsp;Kermesse atomique&nbsp;\u00bb), et ceux du \u00ab&nbsp;back catalogue&nbsp;\u00bb classique avec les fameux \u00ab&nbsp;Pr\u00e9sage&nbsp;\u00bb, \u00ab&nbsp;Dense&nbsp;\u00bb et le tr\u00e8s attendu \u00ab&nbsp;Toujours plus \u00e0 l&rsquo;est&nbsp;\u00bb. Cerise sur le g\u00e2teau, s\u2019y sont ajout\u00e9s quelques compositions du futur album. Un menu r\u00e9jouissant qui alterne actes de bravoure attendus et excellentes surprises.<\/p>\n<p>  Un <i>show<\/i> irr\u00e9prochable car, comme \u00e0 son habitude, la musique d\u2019Univers Zero envo\u00fbte, notamment \u00ab&nbsp;Civil Circus&nbsp;\u00bb qui rappele plus que jamais les \u0153uvres de grands musiciens du  vingti\u00e8me si\u00e8cle, notamment celle de Chostakovitch et la fa\u00e7on dont ses fameux interludes symphoniques ou ses quatuors allient noirceur et ironie avec autant de puissance que de finesse \u00e9motionnelle. Force est de constater \u00e9galement que les critiques sur la froideur des derniers albums ne peuvent concerner les prestations du groupe sur sc\u00e8ne. <\/p>\n<p>  <img loading=\"lazy\" alt=\"\" src=\"\/images\/contenu\/articles\/old\/live_uzero09_3.jpg\" width=\"250\" height=\"170\" align=\"left\" border=\"1\">La dimension <i>live<\/i> ajoute un impact brut et rugueux \u00e0 leur musique, qui r\u00e9v\u00e8le un sacr\u00e9 temp\u00e9rament, direct, franc, bien que tr\u00e8s sophistiqu\u00e9. La rythmique f\u00e9roce, v\u00e9ritable marque du groupe, distille ses tensions avec une redoutable efficacit\u00e9. Les pi\u00e8ces \u00e9voluent, triturent, gonflent et \u00e9clatent toujours avec brio. Finalement, la batterie de Daniel Denis exprime une qualit\u00e9 originale, extr\u00eamement <i>groovy<\/i>, qui insuffle un peu de cette fascination zeuhl, sorte de lente et implacable ascension psych\u00e9d\u00e9lique, qui n\u2019a pu que s\u00e9duire les nombreux amateurs du genre au Triton.<\/p>\n<p>  Ajouter \u00e0 cela un son puissant et excellent, la bonne humeur communicative des musiciens et l\u2019enthousiasme d\u2019un public conquis, cette soir\u00e9e est sans aucun doute \u00e0 classer parmi l\u2019une des grandes r\u00e9ussites sc\u00e9niques du Triton en 2008, au m\u00eame titre que la performance rare et peu banale d\u2019un autre tr\u00e8s grand de la sc\u00e8ne RIO, Thinking Plague, cette m\u00eame ann\u00e9e. Vivement un retour rapide des Belges sur les planches pour d\u00e9couvrir le nouvel album pr\u00e9vu pour cette ann\u00e9e 2009 !          <\/p>\n<p align=\"right\" class=\"dateconcert\"><strong>Christophe Manh\u00e8s<br \/>       <\/strong><\/p>\n<p align=\"center\" class=\"dateconcert\"><strong>site web : <\/strong><a href=\"http:\/\/www.univers-zero.com\" target=\"_blank\" class=\"dateconcert\"><font color=\"#0000FF\"><strong>Univers Zero<\/strong><\/font><\/a><\/p>\n<p align=\"center\" class=\"dateconcert\"><strong><a href=\"http:\/\/http:\/\/www.chromatique.net\/index.php?option=com_k2&#038;view=itemlist&#038;layout=category&#038;task=category&#038;id=2&#038;Itemid=4\"><font color=\"#CA0B4E\"><font color=\"#157175\">retour          au sommaire<\/font><\/font><\/a><\/strong><\/p>\n<\/td>\n<\/tr>\n<\/table>\n","protected":false},"excerpt":{"rendered":"<p>CONCERT : UNIVERS ZERO &nbsp; Lieu : Les Lilas, Le Triton Date : 15 novembre&#8230;<\/p>\n","protected":false},"author":8,"featured_media":18138,"comment_status":"closed","ping_status":"open","sticky":false,"template":"","format":"standard","meta":[],"categories":[3],"tags":[],"acf":[],"_links":{"self":[{"href":"https:\/\/www.chromatique.net\/index.php\/wp-json\/wp\/v2\/posts\/18137"}],"collection":[{"href":"https:\/\/www.chromatique.net\/index.php\/wp-json\/wp\/v2\/posts"}],"about":[{"href":"https:\/\/www.chromatique.net\/index.php\/wp-json\/wp\/v2\/types\/post"}],"author":[{"embeddable":true,"href":"https:\/\/www.chromatique.net\/index.php\/wp-json\/wp\/v2\/users\/8"}],"replies":[{"embeddable":true,"href":"https:\/\/www.chromatique.net\/index.php\/wp-json\/wp\/v2\/comments?post=18137"}],"version-history":[{"count":0,"href":"https:\/\/www.chromatique.net\/index.php\/wp-json\/wp\/v2\/posts\/18137\/revisions"}],"wp:featuredmedia":[{"embeddable":true,"href":"https:\/\/www.chromatique.net\/index.php\/wp-json\/wp\/v2\/media\/18138"}],"wp:attachment":[{"href":"https:\/\/www.chromatique.net\/index.php\/wp-json\/wp\/v2\/media?parent=18137"}],"wp:term":[{"taxonomy":"category","embeddable":true,"href":"https:\/\/www.chromatique.net\/index.php\/wp-json\/wp\/v2\/categories?post=18137"},{"taxonomy":"post_tag","embeddable":true,"href":"https:\/\/www.chromatique.net\/index.php\/wp-json\/wp\/v2\/tags?post=18137"}],"curies":[{"name":"wp","href":"https:\/\/api.w.org\/{rel}","templated":true}]}}